{"id":74019,"date":"2023-01-04T18:30:57","date_gmt":"2023-01-04T21:30:57","guid":{"rendered":"https:\/\/www.centraldenoticias.com.ar\/?p=74019"},"modified":"2023-01-04T18:30:57","modified_gmt":"2023-01-04T21:30:57","slug":"referentes-de-camino-a-la-victoria-en-la-sociedad-de-fomento-villa-mailin","status":"publish","type":"post","link":"https:\/\/cdnoticias.com\/index.php\/2023\/01\/04\/referentes-de-camino-a-la-victoria-en-la-sociedad-de-fomento-villa-mailin\/","title":{"rendered":"Referentes de Camino a la Victoria en la sociedad de fomento Villa Mailin"},"content":{"rendered":"<p>D\u00edas pasados visitaron el merendero \u201cPeque\u00f1os Gigantes\u201d donde entregaron canastas de alimentos navide\u00f1os.<!--more--><\/p>\n<hr \/>\n<p><strong>El merendero \u201cPeque\u00f1os Gigantes\u201d que funciona en la sociedad de fomento Villa Mailin<\/strong> recibi\u00f3 la visita de referentes del espacio pol\u00edtico liderado por Victoria Tolosa Paz, quienes adem\u00e1s hicieron entrega de canastas de alimentos para la celebraci\u00f3n de fin de a\u00f1o.<\/p>\n<p>&nbsp;<\/p>\n<p>En el marco de las recorridas que realizan <strong>desde el espacio pol\u00edtico Camino a la Victoria, los referentes locales Mar\u00eda Luj\u00e1n Rodr\u00edguez y Marcelo Cunioli, estuvieron d\u00edas pasados en la sede de la sociedad de fomento de Villa Mailin<\/strong>. Compartieron un encuentro junto a la presidenta de la entidad, Lorena Merlo y ni\u00f1os y adolescentes que concurren al merendero, a quienes tambi\u00e9n les hicieron entrega de canastas de alimentos navide\u00f1os.<\/p>\n<p>&nbsp;<\/p>\n<p><img data-recalc-dims=\"1\" loading=\"lazy\" decoding=\"async\" class=\"size-full wp-image-74021 aligncenter\" src=\"https:\/\/i0.wp.com\/cdnoticias.com\/wp-content\/uploads\/2023\/01\/camino-a-la-victoria-0-2.jpg?resize=800%2C445&#038;ssl=1\" alt=\"\" width=\"800\" height=\"445\" srcset=\"https:\/\/i0.wp.com\/cdnoticias.com\/wp-content\/uploads\/2023\/01\/camino-a-la-victoria-0-2.jpg?w=800&amp;ssl=1 800w, https:\/\/i0.wp.com\/cdnoticias.com\/wp-content\/uploads\/2023\/01\/camino-a-la-victoria-0-2.jpg?resize=300%2C167&amp;ssl=1 300w, https:\/\/i0.wp.com\/cdnoticias.com\/wp-content\/uploads\/2023\/01\/camino-a-la-victoria-0-2.jpg?resize=768%2C427&amp;ssl=1 768w\" sizes=\"auto, (max-width: 800px) 100vw, 800px\" \/><\/p>\n<p>&nbsp;<\/p>\n<p>\u201cEstamos muy agradecidos de compartir este momento con ellos y de escucharlos e intercambiar experiencias, siempre con la firme convicci\u00f3n de trabajar y organizar acciones<strong> priorizando las infancias y adolescencias, que son el futuro de nuestra naci\u00f3n\u201d sostuvo Marcelo Cunioli.<\/strong><\/p>\n<p>&nbsp;<\/p>\n<p>Por su parte, Luj\u00e1n Rodr\u00edguez expres\u00f3 que \u201cdesde Camino a la Victoria vinimos a acercar canastas con alimentos para la celebraci\u00f3n de fin de a\u00f1o, para que cada chico pueda llevarlo a su casa y compartirlos en familia\u201d, y concluy\u00f3: <strong>\u201ccelebramos que haya personas como Lorena, que nos inspiran a seguir luchando por una Argentina cada d\u00eda m\u00e1s justa\u201d.<\/strong><\/p>\n<p>&nbsp;<\/p>\n<blockquote class=\"twitter-tweet\">\n<p dir=\"ltr\" lang=\"es\"><a href=\"https:\/\/twitter.com\/hashtag\/Olavarr%C3%ADa?src=hash&amp;ref_src=twsrc%5Etfw\">#Olavarr\u00eda<\/a> <a href=\"https:\/\/twitter.com\/hashtag\/barrioisaura?src=hash&amp;ref_src=twsrc%5Etfw\">#barrioisaura<\/a> \ud83c\udf84\ud83c\udf20<br \/>\nEn la v\u00edspera de Nochebuena, junto a mis compa\u00f1er@s y la Junta Vecinal La Isaura de Olavarr\u00eda,acompa\u00f1amos los festejos previos a navidad que la Junta organiz\u00f3 a los pibes y pibas del Barrio Isaura con la presencia de Papa Noel. <a href=\"https:\/\/t.co\/uJhhZS8iKe\">pic.twitter.com\/uJhhZS8iKe<\/a><\/p>\n<p>\u2014 Mar\u00eda Luj\u00e1n Rodr\u00edguez\ud83d\udc9a (@marialujanrodri) <a href=\"https:\/\/twitter.com\/marialujanrodri\/status\/1610077934651310080?ref_src=twsrc%5Etfw\">January 3, 2023<\/a><\/p><\/blockquote>\n<p><script async src=\"https:\/\/platform.twitter.com\/widgets.js\" charset=\"utf-8\"><\/script><\/p>\n<p>&nbsp;<\/p>\n","protected":false},"excerpt":{"rendered":"<p>D\u00edas pasados visitaron el merendero \u201cPeque\u00f1os Gigantes\u201d donde entregaron canastas de alimentos navide\u00f1os.<\/p>\n","protected":false},"author":4,"featured_media":74020,"comment_status":"closed","ping_status":"closed","sticky":false,"template":"","format":"standard","meta":{"_jetpack_memberships_contains_paid_content":false,"footnotes":""},"categories":[4,1],"tags":[],"class_list":["post-74019","post","type-post","status-publish","format-standard","has-post-thumbnail","hentry","category-politica","category-portada"],"jetpack_featured_media_url":"https:\/\/i0.wp.com\/cdnoticias.com\/wp-content\/uploads\/2023\/01\/camino-a-la-victoria-0-1.jpg?fit=800%2C445&ssl=1","jetpack_sharing_enabled":true,"_links":{"self":[{"href":"https:\/\/cdnoticias.com\/index.php\/wp-json\/wp\/v2\/posts\/74019","targetHints":{"allow":["GET"]}}],"collection":[{"href":"https:\/\/cdnoticias.com\/index.php\/wp-json\/wp\/v2\/posts"}],"about":[{"href":"https:\/\/cdnoticias.com\/index.php\/wp-json\/wp\/v2\/types\/post"}],"author":[{"embeddable":true,"href":"https:\/\/cdnoticias.com\/index.php\/wp-json\/wp\/v2\/users\/4"}],"replies":[{"embeddable":true,"href":"https:\/\/cdnoticias.com\/index.php\/wp-json\/wp\/v2\/comments?post=74019"}],"version-history":[{"count":0,"href":"https:\/\/cdnoticias.com\/index.php\/wp-json\/wp\/v2\/posts\/74019\/revisions"}],"wp:featuredmedia":[{"embeddable":true,"href":"https:\/\/cdnoticias.com\/index.php\/wp-json\/wp\/v2\/media\/74020"}],"wp:attachment":[{"href":"https:\/\/cdnoticias.com\/index.php\/wp-json\/wp\/v2\/media?parent=74019"}],"wp:term":[{"taxonomy":"category","embeddable":true,"href":"https:\/\/cdnoticias.com\/index.php\/wp-json\/wp\/v2\/categories?post=74019"},{"taxonomy":"post_tag","embeddable":true,"href":"https:\/\/cdnoticias.com\/index.php\/wp-json\/wp\/v2\/tags?post=74019"}],"curies":[{"name":"wp","href":"https:\/\/api.w.org\/{rel}","templated":true}]}}