{"id":74015,"date":"2023-01-03T10:47:31","date_gmt":"2023-01-03T13:47:31","guid":{"rendered":"https:\/\/www.centraldenoticias.com.ar\/?p=74015"},"modified":"2023-01-03T10:47:50","modified_gmt":"2023-01-03T13:47:50","slug":"organizaciones-locales-repudiaron-la-represion-policial-del-lunes","status":"publish","type":"post","link":"https:\/\/cdnoticias.com\/index.php\/2023\/01\/03\/organizaciones-locales-repudiaron-la-represion-policial-del-lunes\/","title":{"rendered":"Organizaciones locales repudiaron la represi\u00f3n policial del lunes"},"content":{"rendered":"<p>El Departamento de Comunicaci\u00f3n Social y Periodismo de la Facultad de Ciencias Sociales, la Asociaci\u00f3n de Periodistas, Foro Olavarr\u00eda, el Partido Obrero, Libres del Sur y el Movimiento Evita expusieron su rechazo a lo sucedido.<!--more--><\/p>\n<hr \/>\n<p><strong>Varias instituciones locales expresaron su repudio por la represi\u00f3n policial<\/strong> que <a href=\"https:\/\/cdnoticias.com\/index.php\/2023\/01\/02\/tras-entregarse-claudio-peralta-hubo-represion-con-periodistas-heridos\/\" target=\"_blank\" rel=\"noopener\">este lunes dej\u00f3 a periodistas con heridas de bala de goma<\/a>.<\/p>\n<p>&nbsp;<\/p>\n<p>En las \u00faltimas horas se conocieron las posturas del <em>Departamento de Comunicaci\u00f3n Social y Periodismo de la Facultad de Ciencias Sociales, de la Asociaci\u00f3n de Periodistas, del Partido Obrero, del Foro Olavarr\u00eda, Libres del Sur y del Movimiento Evita.<\/em><\/p>\n<p>&nbsp;<\/p>\n<p><strong>\u201cNos solidarizamos con Alexis Grierson de Central de Noticias, con Luciana Pedernera de Infoeme, Claudio Mart\u00ednez de El Popular, Claudia Bilbao de Radio M y con Mat\u00edas Uvilla de Primera Info\u201d<\/strong> expres\u00f3 el <strong>Departamento de Comunicaci\u00f3n Social y Periodismo de Facso \u2013 Unicen <\/strong>que calific\u00f3 de \u201crepudiable represi\u00f3n policial\u201d lo sucedido.<\/p>\n<p>&nbsp;<\/p>\n<p><strong>\u201cApelamos a la racionalidad de las fuerzas y a la comprensi\u00f3n de la importancia que reviste la labor period\u00edstica en la vida democr\u00e1tica\u201d<\/strong> expresaron desde el organismo educativo.<\/p>\n<p>&nbsp;<\/p>\n<p><img data-recalc-dims=\"1\" loading=\"lazy\" decoding=\"async\" class=\"size-full wp-image-74016 aligncenter\" src=\"https:\/\/i0.wp.com\/cdnoticias.com\/wp-content\/uploads\/2023\/01\/comunicados-repudio-0.jpg?resize=800%2C447&#038;ssl=1\" alt=\"\" width=\"800\" height=\"447\" srcset=\"https:\/\/i0.wp.com\/cdnoticias.com\/wp-content\/uploads\/2023\/01\/comunicados-repudio-0.jpg?w=1000&amp;ssl=1 1000w, https:\/\/i0.wp.com\/cdnoticias.com\/wp-content\/uploads\/2023\/01\/comunicados-repudio-0.jpg?resize=300%2C168&amp;ssl=1 300w, https:\/\/i0.wp.com\/cdnoticias.com\/wp-content\/uploads\/2023\/01\/comunicados-repudio-0.jpg?resize=768%2C429&amp;ssl=1 768w\" sizes=\"auto, (max-width: 800px) 100vw, 800px\" \/><\/p>\n<p>&nbsp;<\/p>\n<p>Por su lado, la<strong> Asociaci\u00f3n de Periodistas de Olavarr\u00eda tambi\u00e9n manifest\u00f3 \u201csu solidaridad con los compa\u00f1eros y compa\u00f1eras heridos\u201d<\/strong> y el repudio a \u201cla violenta represi\u00f3n\u201d. Adem\u00e1s pidieron \u201cun pronto esclarecimiento de lo sucedido\u201d.<\/p>\n<p>&nbsp;<\/p>\n<p><strong>Movimiento Evita Olavarr\u00eda<\/strong> comunic\u00f3 su <strong>\u201csolidaridad con les periodistas que fueron violentados por parte de la polic\u00eda bonaerense\u201d.<\/strong><\/p>\n<p>&nbsp;<\/p>\n<p><strong>\u201cRepudiamos toda acci\u00f3n que ponga en riesgo la integridad de les trabajadores de la comunicaci\u00f3n como la de los vecinos\u201d<\/strong> indicaron para a\u00f1adir un pedio de \u201cpronta resoluci\u00f3n\u201d de la causa penal por la venta ilegal de terrenos.<\/p>\n<p>&nbsp;<\/p>\n<blockquote class=\"twitter-tweet\">\n<p dir=\"ltr\" lang=\"es\">La Asociaci\u00f3n de Periodistas de Olavarr\u00eda expresa su solidaridad con los compa\u00f1eros y compa\u00f1eras heridos en los hechos de p\u00fablico de conocimiento.<\/p>\n<p>Repudiamos la violenta represi\u00f3n sufrida por colegas y vecinos y reclamamos un pronto esclarecimiento de lo sucedido.<\/p>\n<p>\u2014 Asociaci\u00f3n de Periodistas de Olavarr\u00eda (@APOperiodistas) <a href=\"https:\/\/twitter.com\/APOperiodistas\/status\/1610096287097184256?ref_src=twsrc%5Etfw\">January 3, 2023<\/a><\/p><\/blockquote>\n<p><script async src=\"https:\/\/platform.twitter.com\/widgets.js\" charset=\"utf-8\"><\/script><\/p>\n<p>&nbsp;<\/p>\n<p>Desde el <strong>Partido Obrero de Olavarr\u00eda<\/strong> tambi\u00e9n se emiti\u00f3 un comunicado: <strong>\u201cnos solidarizamos con lxs trabajadores de prensa y vecinxs que ayer sufrieron la represi\u00f3n policial en el barrio La Loma.<\/strong> Repudiamos el accionar de la Polic\u00eda Bonaerense y responsabilizamos de los hechos al gobierno del intendente Ezequiel Galli\u201d.<\/p>\n<p>&nbsp;<\/p>\n<p><strong>\u201cEl trabajo period\u00edstico debe ser resguardado en todo momento e incluso con m\u00e1s \u00e9nfasis en casos como el de ayer ante el atrincheramiento y la detenci\u00f3n de Claudio Peralta.<\/strong> La comunidad olavarriense tiene el derecho a ser informada y, en este caso particularmente, debe saber la verdad sobre la venta fraudulenta de terrenos p\u00fablicos y privados en la que Peralta est\u00e1 imputado\u201d plantearon.<\/p>\n<p>&nbsp;<\/p>\n<p>Consideraron adem\u00e1s que <strong>\u201cla represi\u00f3n policial es un eslab\u00f3n de la cadena de impunidad que debe cortarse con la investigaci\u00f3n, esclarecimiento y juzgamiento<\/strong> tanto de los responsables materiales como de los intelectuales y pol\u00edticos. Ha quedado registrado, en boca de los familiares de Peralta, que \u00e9l no estuvo solo en la venta de los terrenos sino que esa estafa solo era posible gracias a sus v\u00ednculos con Mariano Ciancio, Diego Robbiani y Ezequiel Galli\u201d.<\/p>\n<p>&nbsp;<\/p>\n<p><strong>\u201cSolo Ciancio est\u00e1 siendo investigado y fue echado de su cargo pero sigui\u00f3 cobrando de Juntos por Olavarr\u00eda por los \u00b4servicios prestados\u00b4<\/strong>, con tal de mantener su silencio. Claudio Peralta, el \u00b4perejil\u00b4, no tuvo la misma cobertura pol\u00edtica y econ\u00f3mica. Para que este delito no quede impune la justicia deber\u00eda imputar e investigar a fondo a los funcionarios pol\u00edticos hasta sus m\u00e1ximos responsables\u201d cerr\u00f3 el Partido Obrero Olavarr\u00eda en el Frente de Izquierda \u2013 Unidad.<\/p>\n<p>&nbsp;<\/p>\n<p>Desde el <strong>Foro Olavarr\u00eda Frente Renovador<\/strong> se expuso que <strong>\u201cmanifestamos nuestra solidaridad con los periodistas olavarrienses que fueron agredidos\u201d.<\/strong><\/p>\n<p>&nbsp;<\/p>\n<p>\u201cExpresamos nuestra preocupaci\u00f3n y rechazo frente a la desmesura del accionar en un hecho in\u00e9dito en la ciudad de Olavarr\u00eda\u201d destacaron.<\/p>\n<blockquote class=\"twitter-tweet\">\n<p dir=\"ltr\" lang=\"es\">Desde el Foro Olavarr\u00eda FR manifestamos nuestra solidaridad con los periodistas olavarrienses que fueron agredidos en el hecho de p\u00fablico conocimiento.<\/p>\n<p>Expresamos nuestra preocupaci\u00f3n y rechazo frente a la desmesura del accionar en un hecho inedito en la ciudad de Olavarr\u00eda.<\/p>\n<p>\u2014 Foro Olavarr\u00eda (@ForoOlavarria) <a href=\"https:\/\/twitter.com\/ForoOlavarria\/status\/1610066006575124480?ref_src=twsrc%5Etfw\">January 3, 2023<\/a><\/p><\/blockquote>\n<p><script async src=\"https:\/\/platform.twitter.com\/widgets.js\" charset=\"utf-8\"><\/script><\/p>\n<p><strong>Libres del Sur<\/strong> tambi\u00e9n hizo conocer<strong> \u201cnuestro m\u00e1s en\u00e9rgico repudio a la decisi\u00f3n desacertada de los efectivos policiales tras la entrega\u201d de Claudio Peralta<\/strong> y su \u201csolidaridad para los periodistas que buscaban plasmar lo que su vocaci\u00f3n impulsa, comunicar\u201d.<\/p>\n<p>&nbsp;<\/p>\n<p><strong>\u201cAnhelamos que los hechos que desatan cada uno de los desencadenantes sean esclarecidos,<\/strong> por el bien f\u00edsico y psicol\u00f3gico de los involucrados, y que la impunidad no sea la respuesta de la justicia local\u201d indic\u00f3 la agrupaci\u00f3n partidaria.<\/p>\n<p>&nbsp;<\/p>\n<p>&nbsp;<\/p>\n","protected":false},"excerpt":{"rendered":"<p>El Departamento de Comunicaci\u00f3n Social y Periodismo de la Facultad de Ciencias Sociales, la Asociaci\u00f3n de Periodistas, Foro Olavarr\u00eda, el<\/p>\n","protected":false},"author":4,"featured_media":74011,"comment_status":"closed","ping_status":"closed","sticky":false,"template":"","format":"standard","meta":{"_jetpack_memberships_contains_paid_content":false,"footnotes":""},"categories":[5,1],"tags":[],"class_list":["post-74015","post","type-post","status-publish","format-standard","has-post-thumbnail","hentry","category-informacion-general","category-portada"],"jetpack_featured_media_url":"https:\/\/i0.wp.com\/cdnoticias.com\/wp-content\/uploads\/2023\/01\/peralta-atrincherado-02-scaled.jpg?fit=2560%2C1424&ssl=1","jetpack_sharing_enabled":true,"_links":{"self":[{"href":"https:\/\/cdnoticias.com\/index.php\/wp-json\/wp\/v2\/posts\/74015","targetHints":{"allow":["GET"]}}],"collection":[{"href":"https:\/\/cdnoticias.com\/index.php\/wp-json\/wp\/v2\/posts"}],"about":[{"href":"https:\/\/cdnoticias.com\/index.php\/wp-json\/wp\/v2\/types\/post"}],"author":[{"embeddable":true,"href":"https:\/\/cdnoticias.com\/index.php\/wp-json\/wp\/v2\/users\/4"}],"replies":[{"embeddable":true,"href":"https:\/\/cdnoticias.com\/index.php\/wp-json\/wp\/v2\/comments?post=74015"}],"version-history":[{"count":0,"href":"https:\/\/cdnoticias.com\/index.php\/wp-json\/wp\/v2\/posts\/74015\/revisions"}],"wp:featuredmedia":[{"embeddable":true,"href":"https:\/\/cdnoticias.com\/index.php\/wp-json\/wp\/v2\/media\/74011"}],"wp:attachment":[{"href":"https:\/\/cdnoticias.com\/index.php\/wp-json\/wp\/v2\/media?parent=74015"}],"wp:term":[{"taxonomy":"category","embeddable":true,"href":"https:\/\/cdnoticias.com\/index.php\/wp-json\/wp\/v2\/categories?post=74015"},{"taxonomy":"post_tag","embeddable":true,"href":"https:\/\/cdnoticias.com\/index.php\/wp-json\/wp\/v2\/tags?post=74015"}],"curies":[{"name":"wp","href":"https:\/\/api.w.org\/{rel}","templated":true}]}}