{"id":74005,"date":"2023-01-03T09:48:39","date_gmt":"2023-01-03T12:48:39","guid":{"rendered":"https:\/\/www.centraldenoticias.com.ar\/?p=74005"},"modified":"2023-01-03T11:18:22","modified_gmt":"2023-01-03T14:18:22","slug":"causa-terrenos-silencios-que-aturden-y-una-justicia-que-no-da-respuesta","status":"publish","type":"post","link":"https:\/\/cdnoticias.com\/index.php\/2023\/01\/03\/causa-terrenos-silencios-que-aturden-y-una-justicia-que-no-da-respuesta\/","title":{"rendered":"Causa terrenos: \u201cSilencios que aturden y una justicia que no da respuesta\u201d"},"content":{"rendered":"<p>As\u00ed lo expresaron desde el interbloque del Frente de Todos tras el atrincheramiento de Claudio Peralta en un comercio. Pidieron avances en la investigaci\u00f3n judicial. <!--more--><\/p>\n<hr \/>\n<p>El interbloque del Frente de Todos emiti\u00f3 un comunicado tras la situaci\u00f3n que se registr\u00f3 durante la tarde del lunes con el <a href=\"https:\/\/cdnoticias.com\/index.php\/2023\/01\/02\/claudio-peralta-se-entrego-con-manos-en-alto-y-fue-trasladado-por-una-ambulancia-del-same\/\" target=\"_blank\" rel=\"noopener\">atrincheramiento de Claudio Peralta en un comercio del barrio La Loma.<\/a><\/p>\n<p>&nbsp;<\/p>\n<p><strong>\u201cLamentamos los hechos de violencia institucional acaecidos en el d\u00eda de ayer, una situaci\u00f3n de extrema gravedad\u201d<\/strong>, indicaron en el documento env\u00edado a los medios de comunicaci\u00f3n.<\/p>\n<p>&nbsp;<\/p>\n<p>A su vez, pidieron al <strong>Fiscal General Dr. Marcelo Sobrino<\/strong> \u201cque con la misma premura que impuls\u00f3 la investigaci\u00f3n de los hechos represivos, <strong>exija celeridad a la Fiscal Dra. Paula Serrano que instruye la causa de los terrenos<\/strong>, que hace un a\u00f1o no registra avances\u201d.<\/p>\n<p>&nbsp;<\/p>\n<blockquote><p>\u201c\u00bfC\u00f3mo puede ser que una causa que tiene denuncias del a\u00f1o 2019, en la que hay un centenar de vecinos de Olavarr\u00eda perjudicados, duerma el sue\u00f1o de los justos?.\u201d<\/p><\/blockquote>\n<p>&nbsp;<\/p>\n<p>Recordaron que \u201chace un a\u00f1o exactamente nuestro Interbloque de concejales ped\u00eda una <strong>sesi\u00f3n especial para investigar la venta ilegal de terrenos que se ven\u00eda produciendo en Olavarr\u00eda desde el a\u00f1o 2019<\/strong>\u201d.<\/p>\n<p>&nbsp;<\/p>\n<p>\u201cHasta el momento <strong>existen m\u00e1s de 20 denuncias<\/strong> en la causa de la que surge que hubo m\u00e1s de 100 terrenos p\u00fablicos y privados vendidos con documentaci\u00f3n ap\u00f3crifa, con firmas de distintos profesionales de la ciudad\u201d, agregaron en el comunicado.<\/p>\n<p>&nbsp;<\/p>\n<p>A su vez, se\u00f1alaron que \u201cse estima que este delito permiti\u00f3 una <strong>recaudaci\u00f3n de m\u00e1s de 100.000.000 de pesos.<\/strong> Una operaci\u00f3n que s\u00f3lo pudo haberse desarrollado con el accionar coordinado de varios participantes\u201d.<\/p>\n<p>&nbsp;<\/p>\n<blockquote><p>\u201c<strong>Claudio Peralta es uno de los 5 imputados de la causa<\/strong>, el principal involucrado de estos hechos. No olvidemos que Peralta ha manifestado y los denunciantes han ratificado, que \u00e9l era\u00a0 referente o com\u00fanmente llamado puntero del Intendente\u201d, describieron.<\/p><\/blockquote>\n<p>&nbsp;<\/p>\n<p>Y resaltaron: \u201chasta la fecha siendo imputado <strong>no se le ha tomado declaraci\u00f3n y pide p\u00fablicamente que lo escuchen<\/strong>. Durante los recientes hechos en donde amenazaba con suicidarse, solicit\u00f3 la presencia del intendente Galli, de la fiscal y de medios de comunicaci\u00f3n para \u201caclarar la situaci\u00f3n\u201d\u201d.<\/p>\n<p>&nbsp;<\/p>\n<p>Por otra parte, afirmaron que \u201cPeralta nunca fue llamado a declarar, y durante el d\u00eda de hoy mediante su familia denunci\u00f3 que le <strong>&#8216;soltaron las manos su ex-socios y su abogado&#8217;<\/strong>&#8220;.<\/p>\n<p>&nbsp;<\/p>\n<p>\u201cNo podemos permitir que la impunidad se imponga sobre la verdad, que un delito millonario se le atribuya solo a un joven que claramente no podr\u00eda nunca haber actuado en soledad. <strong>A un a\u00f1o de las primeras denuncias p\u00fablicas la comunidad merece se esclarezca este hist\u00f3rico hecho de corrupci\u00f3n<\/strong>\u201d, concluyeron.<\/p>\n","protected":false},"excerpt":{"rendered":"<p>As\u00ed lo expresaron desde el interbloque del Frente de Todos tras el atrincheramiento de Claudio Peralta en un comercio. Pidieron<\/p>\n","protected":false},"author":5,"featured_media":73994,"comment_status":"closed","ping_status":"closed","sticky":false,"template":"","format":"standard","meta":{"_jetpack_memberships_contains_paid_content":false,"footnotes":""},"categories":[4,1],"tags":[],"class_list":["post-74005","post","type-post","status-publish","format-standard","has-post-thumbnail","hentry","category-politica","category-portada"],"jetpack_featured_media_url":"https:\/\/i0.wp.com\/cdnoticias.com\/wp-content\/uploads\/2023\/01\/policia-represion1.jpg?fit=1600%2C1197&ssl=1","jetpack_sharing_enabled":true,"_links":{"self":[{"href":"https:\/\/cdnoticias.com\/index.php\/wp-json\/wp\/v2\/posts\/74005","targetHints":{"allow":["GET"]}}],"collection":[{"href":"https:\/\/cdnoticias.com\/index.php\/wp-json\/wp\/v2\/posts"}],"about":[{"href":"https:\/\/cdnoticias.com\/index.php\/wp-json\/wp\/v2\/types\/post"}],"author":[{"embeddable":true,"href":"https:\/\/cdnoticias.com\/index.php\/wp-json\/wp\/v2\/users\/5"}],"replies":[{"embeddable":true,"href":"https:\/\/cdnoticias.com\/index.php\/wp-json\/wp\/v2\/comments?post=74005"}],"version-history":[{"count":0,"href":"https:\/\/cdnoticias.com\/index.php\/wp-json\/wp\/v2\/posts\/74005\/revisions"}],"wp:featuredmedia":[{"embeddable":true,"href":"https:\/\/cdnoticias.com\/index.php\/wp-json\/wp\/v2\/media\/73994"}],"wp:attachment":[{"href":"https:\/\/cdnoticias.com\/index.php\/wp-json\/wp\/v2\/media?parent=74005"}],"wp:term":[{"taxonomy":"category","embeddable":true,"href":"https:\/\/cdnoticias.com\/index.php\/wp-json\/wp\/v2\/categories?post=74005"},{"taxonomy":"post_tag","embeddable":true,"href":"https:\/\/cdnoticias.com\/index.php\/wp-json\/wp\/v2\/tags?post=74005"}],"curies":[{"name":"wp","href":"https:\/\/api.w.org\/{rel}","templated":true}]}}