{"id":73965,"date":"2023-01-02T19:36:28","date_gmt":"2023-01-02T22:36:28","guid":{"rendered":"https:\/\/www.centraldenoticias.com.ar\/?p=73965"},"modified":"2023-01-03T07:39:01","modified_gmt":"2023-01-03T10:39:01","slug":"continua-la-tension-por-el-hombre-atrincherado-en-urquiza-y-fal","status":"publish","type":"post","link":"https:\/\/cdnoticias.com\/index.php\/2023\/01\/02\/continua-la-tension-por-el-hombre-atrincherado-en-urquiza-y-fal\/","title":{"rendered":"Contin\u00faa la tensi\u00f3n por el hombre atrincherado en Urquiza y Fal"},"content":{"rendered":"<p>Se hizo presente el Grupo de Apoyo Departamental. Adem\u00e1s lleg\u00f3 al lugar la Unidad 7 de Bomberos Voluntarios. <!--more--><\/p>\n<hr \/>\n<p>Luego de dos horas sin movimientos, <a href=\"https:\/\/cdnoticias.com\/index.php\/2023\/01\/02\/un-hombre-se-atrinchero-en-un-comercio-y-pide-dialogar-con-autoridades\/\" target=\"_blank\" rel=\"noopener\">contin\u00faa la tensi\u00f3n por el hombre atrincherado<\/a> en <strong>avenida Urquiza y Rufino Fal.<\/strong><\/p>\n<p>&nbsp;<\/p>\n<p>Alrededor de las 19:30<strong> intervino el Grupo de Apoyo Departamental<\/strong> (GAD) y los familiares comenzaron a inquietarse <strong>meti\u00e9ndose en el per\u00edmetro del comercio.<\/strong><\/p>\n<p>&nbsp;<\/p>\n<p>La situaci\u00f3n afortunadamente no pas\u00f3 a mayores y<strong> todos volvieron a respetar el per\u00edmetro.<\/strong> Quien mantiene contacto con Peralta es su padre, quien dialoga de forma peri\u00f3dica buscando una <strong>soluci\u00f3n pac\u00edfica al conflicto.<\/strong><\/p>\n<p>&nbsp;<\/p>\n<p>Por \u00faltimo, se inform\u00f3 que lleg\u00f3 al lugar la<strong> Unidad 7 de Bomberos Voluntarios.<\/strong><\/p>\n<p>&nbsp;<\/p>\n<p>El hombre atrincherado fue <strong>identificado como Claudio Peralta, imputado<\/strong> por la causa de la <strong>venta ilegal de terrenos<\/strong> y <strong>tiene en su poder un arma blanca.\u00a0<\/strong><\/p>\n<p>&nbsp;<\/p>\n","protected":false},"excerpt":{"rendered":"<p>Se hizo presente el Grupo de Apoyo Departamental. Adem\u00e1s lleg\u00f3 al lugar la Unidad 7 de Bomberos Voluntarios.<\/p>\n","protected":false},"author":6,"featured_media":73966,"comment_status":"closed","ping_status":"closed","sticky":false,"template":"","format":"standard","meta":{"_jetpack_memberships_contains_paid_content":false,"footnotes":""},"categories":[14],"tags":[],"class_list":["post-73965","post","type-post","status-publish","format-standard","has-post-thumbnail","hentry","category-policiales"],"jetpack_featured_media_url":"https:\/\/i0.wp.com\/cdnoticias.com\/wp-content\/uploads\/2023\/01\/WhatsApp-Image-2023-01-02-at-19.19.10.jpeg?fit=1600%2C1197&ssl=1","jetpack_sharing_enabled":true,"_links":{"self":[{"href":"https:\/\/cdnoticias.com\/index.php\/wp-json\/wp\/v2\/posts\/73965","targetHints":{"allow":["GET"]}}],"collection":[{"href":"https:\/\/cdnoticias.com\/index.php\/wp-json\/wp\/v2\/posts"}],"about":[{"href":"https:\/\/cdnoticias.com\/index.php\/wp-json\/wp\/v2\/types\/post"}],"author":[{"embeddable":true,"href":"https:\/\/cdnoticias.com\/index.php\/wp-json\/wp\/v2\/users\/6"}],"replies":[{"embeddable":true,"href":"https:\/\/cdnoticias.com\/index.php\/wp-json\/wp\/v2\/comments?post=73965"}],"version-history":[{"count":0,"href":"https:\/\/cdnoticias.com\/index.php\/wp-json\/wp\/v2\/posts\/73965\/revisions"}],"wp:featuredmedia":[{"embeddable":true,"href":"https:\/\/cdnoticias.com\/index.php\/wp-json\/wp\/v2\/media\/73966"}],"wp:attachment":[{"href":"https:\/\/cdnoticias.com\/index.php\/wp-json\/wp\/v2\/media?parent=73965"}],"wp:term":[{"taxonomy":"category","embeddable":true,"href":"https:\/\/cdnoticias.com\/index.php\/wp-json\/wp\/v2\/categories?post=73965"},{"taxonomy":"post_tag","embeddable":true,"href":"https:\/\/cdnoticias.com\/index.php\/wp-json\/wp\/v2\/tags?post=73965"}],"curies":[{"name":"wp","href":"https:\/\/api.w.org\/{rel}","templated":true}]}}