{"id":73952,"date":"2023-01-02T19:00:42","date_gmt":"2023-01-02T22:00:42","guid":{"rendered":"https:\/\/www.centraldenoticias.com.ar\/?p=73952"},"modified":"2023-01-02T19:00:42","modified_gmt":"2023-01-02T22:00:42","slug":"jornadas-de-intercambio-interdisciplinario-para-agentes-de-la-oficina-de-asistencia-sociolaboral","status":"publish","type":"post","link":"https:\/\/cdnoticias.com\/index.php\/2023\/01\/02\/jornadas-de-intercambio-interdisciplinario-para-agentes-de-la-oficina-de-asistencia-sociolaboral\/","title":{"rendered":"Jornadas de intercambio interdisciplinario para agentes de la oficina de asistencia sociolaboral"},"content":{"rendered":"<p>Abordaron problem\u00e1ticas inherentes a las adicciones y la salud mental. Adem\u00e1s presentar\u00e1n el protocolo en cuestiones de violencia de g\u00e9nero para el personal penitenciario. <!--more--><\/p>\n<hr \/>\n<p>Recientemente, el <strong>Director de la Unidad Penitenciaria N\u00ba 17<\/strong> de Urdampilleta, Prefecto Mayor Hugo Fredes y los <strong>integrantes de la Oficina de Asistencia Sociolaboral,<\/strong> Alcaide Mayor Silvana C\u00f3rdoba y el Sargento Ayudante Leonardo Astorga compartieron jornadas de<strong> articulaci\u00f3n e intercambio interdisciplinario<\/strong> con integrantes de diferentes \u00e1reas del gobierno municipal de Bol\u00edvar.<\/p>\n<p>&nbsp;<\/p>\n<p>En primer lugar, mantuvieron una reuni\u00f3n de trabajo con integrantes del Centro Preventivo de las Adicciones (CPA) y del Centro Integrador Comunitario (CIC), en la cual se abordaron<strong> problem\u00e1ticas inherentes a las adicciones y la salud mental<\/strong>. De la misma participaron Silvana C\u00f3rdoba, Leonardo Astorga y las licenciadas Evelina Moriones, Andrea Delorenzi y Carmen Laburdete.<\/p>\n<p>&nbsp;<\/p>\n<p><img data-recalc-dims=\"1\" loading=\"lazy\" decoding=\"async\" class=\"aligncenter wp-image-73954 size-full\" src=\"https:\/\/i0.wp.com\/cdnoticias.com\/wp-content\/uploads\/2023\/01\/U17-Jornda-Asistencia-Sociolaboral-Diciembre-2022a-scaled.jpg?resize=800%2C450&#038;ssl=1\" alt=\"\" width=\"800\" height=\"450\" srcset=\"https:\/\/i0.wp.com\/cdnoticias.com\/wp-content\/uploads\/2023\/01\/U17-Jornda-Asistencia-Sociolaboral-Diciembre-2022a-scaled.jpg?w=2560&amp;ssl=1 2560w, https:\/\/i0.wp.com\/cdnoticias.com\/wp-content\/uploads\/2023\/01\/U17-Jornda-Asistencia-Sociolaboral-Diciembre-2022a-scaled.jpg?resize=300%2C169&amp;ssl=1 300w, https:\/\/i0.wp.com\/cdnoticias.com\/wp-content\/uploads\/2023\/01\/U17-Jornda-Asistencia-Sociolaboral-Diciembre-2022a-scaled.jpg?resize=1024%2C576&amp;ssl=1 1024w, https:\/\/i0.wp.com\/cdnoticias.com\/wp-content\/uploads\/2023\/01\/U17-Jornda-Asistencia-Sociolaboral-Diciembre-2022a-scaled.jpg?resize=768%2C432&amp;ssl=1 768w, https:\/\/i0.wp.com\/cdnoticias.com\/wp-content\/uploads\/2023\/01\/U17-Jornda-Asistencia-Sociolaboral-Diciembre-2022a-scaled.jpg?resize=1536%2C864&amp;ssl=1 1536w, https:\/\/i0.wp.com\/cdnoticias.com\/wp-content\/uploads\/2023\/01\/U17-Jornda-Asistencia-Sociolaboral-Diciembre-2022a-scaled.jpg?resize=2048%2C1152&amp;ssl=1 2048w, https:\/\/i0.wp.com\/cdnoticias.com\/wp-content\/uploads\/2023\/01\/U17-Jornda-Asistencia-Sociolaboral-Diciembre-2022a-scaled.jpg?w=1600&amp;ssl=1 1600w, https:\/\/i0.wp.com\/cdnoticias.com\/wp-content\/uploads\/2023\/01\/U17-Jornda-Asistencia-Sociolaboral-Diciembre-2022a-scaled.jpg?w=2400&amp;ssl=1 2400w\" sizes=\"auto, (max-width: 800px) 100vw, 800px\" \/><\/p>\n<p>&nbsp;<\/p>\n<p>Posteriormente, acompa\u00f1ados por el Director de Unidad, los integrantes de la oficina Sociolaboral se reunieron con la Directora de Derechos Humanos y G\u00e9nero Lic. Marianela Zanazzi y parte de su equipo de trabajo, con el objetivo de <strong>presentar el protocolo en cuestiones de violencia de g\u00e9nero para el personal penitenciario<\/strong> y todo lo que el mismo contempla.<\/p>\n<p>&nbsp;<\/p>\n<p><em>&#8220;Las dos jornadas resultaron altamente constructivas y permitieron que los referentes del \u00e1rea Sociolaboral de la Unidad 17 contin\u00faen trabajando de manera conjunta y coordinada con las distintas \u00e1reas municipales e instituciones de la comunidad&#8221;<\/em> se indic\u00f3.<\/p>\n","protected":false},"excerpt":{"rendered":"<p>Abordaron problem\u00e1ticas inherentes a las adicciones y la salud mental. Adem\u00e1s presentar\u00e1n el protocolo en cuestiones de violencia de g\u00e9nero<\/p>\n","protected":false},"author":6,"featured_media":73953,"comment_status":"closed","ping_status":"closed","sticky":false,"template":"","format":"standard","meta":{"_jetpack_memberships_contains_paid_content":false,"footnotes":""},"categories":[5],"tags":[],"class_list":["post-73952","post","type-post","status-publish","format-standard","has-post-thumbnail","hentry","category-informacion-general"],"jetpack_featured_media_url":"https:\/\/i0.wp.com\/cdnoticias.com\/wp-content\/uploads\/2023\/01\/U17-Jornda-Asistencia-Sociolaboral-Diciembre-2022b.jpg?fit=1280%2C590&ssl=1","jetpack_sharing_enabled":true,"_links":{"self":[{"href":"https:\/\/cdnoticias.com\/index.php\/wp-json\/wp\/v2\/posts\/73952","targetHints":{"allow":["GET"]}}],"collection":[{"href":"https:\/\/cdnoticias.com\/index.php\/wp-json\/wp\/v2\/posts"}],"about":[{"href":"https:\/\/cdnoticias.com\/index.php\/wp-json\/wp\/v2\/types\/post"}],"author":[{"embeddable":true,"href":"https:\/\/cdnoticias.com\/index.php\/wp-json\/wp\/v2\/users\/6"}],"replies":[{"embeddable":true,"href":"https:\/\/cdnoticias.com\/index.php\/wp-json\/wp\/v2\/comments?post=73952"}],"version-history":[{"count":0,"href":"https:\/\/cdnoticias.com\/index.php\/wp-json\/wp\/v2\/posts\/73952\/revisions"}],"wp:featuredmedia":[{"embeddable":true,"href":"https:\/\/cdnoticias.com\/index.php\/wp-json\/wp\/v2\/media\/73953"}],"wp:attachment":[{"href":"https:\/\/cdnoticias.com\/index.php\/wp-json\/wp\/v2\/media?parent=73952"}],"wp:term":[{"taxonomy":"category","embeddable":true,"href":"https:\/\/cdnoticias.com\/index.php\/wp-json\/wp\/v2\/categories?post=73952"},{"taxonomy":"post_tag","embeddable":true,"href":"https:\/\/cdnoticias.com\/index.php\/wp-json\/wp\/v2\/tags?post=73952"}],"curies":[{"name":"wp","href":"https:\/\/api.w.org\/{rel}","templated":true}]}}