{"id":73935,"date":"2023-01-04T18:09:53","date_gmt":"2023-01-04T21:09:53","guid":{"rendered":"https:\/\/www.centraldenoticias.com.ar\/?p=73935"},"modified":"2023-01-04T19:11:23","modified_gmt":"2023-01-04T22:11:23","slug":"covid-19-crecio-la-demanda-por-los-autotest-en-la-ciudad","status":"publish","type":"post","link":"https:\/\/cdnoticias.com\/index.php\/2023\/01\/04\/covid-19-crecio-la-demanda-por-los-autotest-en-la-ciudad\/","title":{"rendered":"Covid 19: creci\u00f3 la demanda por los autotest en la ciudad"},"content":{"rendered":"<p>Lo afirm\u00f3 Fernando Bueno, presidente del Colegio de Farmac\u00e9uticos de Olavarr\u00eda. En los \u00faltimos 15 d\u00edas vendieron 100 autotest solamente en una farmacia. <!--more--><\/p>\n<hr \/>\n<p>Comenz\u00f3 el a\u00f1o y los<strong> casos de Covid 19 tambi\u00e9n volvieron a aparecer.<\/strong> Adem\u00e1s, desde la secretar\u00eda de Salud Municipal se inform\u00f3 que <a href=\"https:\/\/cdnoticias.com\/index.php\/2023\/01\/02\/los-hisopados-se-realizan-de-lunes-a-viernes-en-el-hospital-municipal\/\" target=\"_blank\" rel=\"noopener\">aumentaron las consultas por los hisopados<\/a> en al ciudad.<\/p>\n<p>&nbsp;<\/p>\n<p>Al respecto, se indic\u00f3 que <strong>los hisopados<\/strong> se realizan <strong>en el Hospital Municipal de lunes a viernes a las 10<\/strong>, con entrada por calle Alsina.<\/p>\n<p>&nbsp;<\/p>\n<p>Adem\u00e1s, <em>Central de Noticias<\/em> dialog\u00f3 con <strong>Fernando Bueno, presidente del Colegio de Farmac\u00e9uticos<\/strong> de Olavarr\u00eda sobre los autotest: &#8220;<em>la cantidad de ventas depende del stock de las farmacias y de los proveedores que utiliza cada uno. En mi caso hace un rato vend\u00ed el \u00faltimo que ten\u00eda y reci\u00e9n hasta ma\u00f1ana a la ma\u00f1ana no consigo&#8221;.<\/em><\/p>\n<p>&nbsp;<\/p>\n<blockquote><p>&#8220;En los \u00faltimos 15 d\u00edas la demanda de autotest fue muy importante, y la cantidad de casos positivos de Covid 19 tambi\u00e9n&#8221; agreg\u00f3 Bueno.<\/p><\/blockquote>\n<p>&nbsp;<\/p>\n<p>Por \u00faltimo, <strong>Fernando Bueno<\/strong> cont\u00f3 que <strong>en su farmacia se vendieron 100 autotest aproximadamente<\/strong> y que &#8220;<em><strong>al momento de comprarlo tienen que firmar una declaraci\u00f3n jurada donde se comprometen a informarte el resultado y hasta ahora el 50% fueron positivos&#8221;.<\/strong><\/em><\/p>\n<p>&nbsp;<\/p>\n<p>&nbsp;<\/p>\n","protected":false},"excerpt":{"rendered":"<p>Lo afirm\u00f3 Fernando Bueno, presidente del Colegio de Farmac\u00e9uticos de Olavarr\u00eda. En los \u00faltimos 15 d\u00edas vendieron 100 autotest solamente<\/p>\n","protected":false},"author":6,"featured_media":72501,"comment_status":"closed","ping_status":"closed","sticky":false,"template":"","format":"standard","meta":{"_jetpack_memberships_contains_paid_content":false,"footnotes":""},"categories":[16,1],"tags":[],"class_list":["post-73935","post","type-post","status-publish","format-standard","has-post-thumbnail","hentry","category-covid-19","category-portada"],"jetpack_featured_media_url":"https:\/\/i0.wp.com\/cdnoticias.com\/wp-content\/uploads\/2022\/12\/autotest-Covid.jpg?fit=1082%2C708&ssl=1","jetpack_sharing_enabled":true,"_links":{"self":[{"href":"https:\/\/cdnoticias.com\/index.php\/wp-json\/wp\/v2\/posts\/73935","targetHints":{"allow":["GET"]}}],"collection":[{"href":"https:\/\/cdnoticias.com\/index.php\/wp-json\/wp\/v2\/posts"}],"about":[{"href":"https:\/\/cdnoticias.com\/index.php\/wp-json\/wp\/v2\/types\/post"}],"author":[{"embeddable":true,"href":"https:\/\/cdnoticias.com\/index.php\/wp-json\/wp\/v2\/users\/6"}],"replies":[{"embeddable":true,"href":"https:\/\/cdnoticias.com\/index.php\/wp-json\/wp\/v2\/comments?post=73935"}],"version-history":[{"count":0,"href":"https:\/\/cdnoticias.com\/index.php\/wp-json\/wp\/v2\/posts\/73935\/revisions"}],"wp:featuredmedia":[{"embeddable":true,"href":"https:\/\/cdnoticias.com\/index.php\/wp-json\/wp\/v2\/media\/72501"}],"wp:attachment":[{"href":"https:\/\/cdnoticias.com\/index.php\/wp-json\/wp\/v2\/media?parent=73935"}],"wp:term":[{"taxonomy":"category","embeddable":true,"href":"https:\/\/cdnoticias.com\/index.php\/wp-json\/wp\/v2\/categories?post=73935"},{"taxonomy":"post_tag","embeddable":true,"href":"https:\/\/cdnoticias.com\/index.php\/wp-json\/wp\/v2\/tags?post=73935"}],"curies":[{"name":"wp","href":"https:\/\/api.w.org\/{rel}","templated":true}]}}