{"id":73930,"date":"2023-01-02T18:00:55","date_gmt":"2023-01-02T21:00:55","guid":{"rendered":"https:\/\/www.centraldenoticias.com.ar\/?p=73930"},"modified":"2023-01-02T18:00:55","modified_gmt":"2023-01-02T21:00:55","slug":"mas-de-1700-estudiantes-bonaerenses-arrancaron-la-escuela-de-verano-en-la-ciudad","status":"publish","type":"post","link":"https:\/\/cdnoticias.com\/index.php\/2023\/01\/02\/mas-de-1700-estudiantes-bonaerenses-arrancaron-la-escuela-de-verano-en-la-ciudad\/","title":{"rendered":"M\u00e1s de 1700 estudiantes bonaerenses arrancaron la escuela de verano en la ciudad"},"content":{"rendered":"<p>Alumnos de todos los niveles participar\u00e1n de una propuesta l\u00fadica y con contenidos pedag\u00f3gicos en m\u00e1s de 100 establecimientos educativos y parques porte\u00f1os.<!--more--><\/p>\n<hr \/>\n<p>Durante el <strong>receso escolar de verano<\/strong>, <strong>m\u00e1s de 32.500 chicos, chicas y adolescentes<\/strong> de todos los niveles educativos participar\u00e1n de una <strong>nueva edici\u00f3n de la Escuela de Verano.<\/strong><\/p>\n<p>&nbsp;<\/p>\n<p>&#8220;Del <strong>2 enero al 3 de febrero de 2023,<\/strong> los estudiantes podr\u00e1n compartir, interactuar y seguir aprendiendo en espacios que favorecen la inclusi\u00f3n y el trabajo grupal a trav\u00e9s de propuestas art\u00edsticas, expresivas, culturales y deportivas&#8221; se indic\u00f3.<\/p>\n<p>&nbsp;<\/p>\n<p>La ministra de Educaci\u00f3n porte\u00f1a,<strong> Soledad Acu\u00f1a,<\/strong> expres\u00f3: \u201c<em><strong>Desde hace m\u00e1s de 15 a\u00f1os las escuelas de la Ciudad abren sus puertas en verano y ofrecen m\u00e1s oportunidades para seguir aprendiendo. Una vez m\u00e1s la escuela sigue siendo el mejor lugar para que los chicos aprendan, tambi\u00e9n en vacaciones\u201d.<\/strong><\/em><\/p>\n<p>&nbsp;<\/p>\n<p><img data-recalc-dims=\"1\" loading=\"lazy\" decoding=\"async\" class=\"aligncenter wp-image-73933 size-full\" src=\"https:\/\/i0.wp.com\/cdnoticias.com\/wp-content\/uploads\/2023\/01\/WhatsApp-Image-2023-01-02-at-16.26.54.jpeg?resize=800%2C533&#038;ssl=1\" alt=\"\" width=\"800\" height=\"533\" srcset=\"https:\/\/i0.wp.com\/cdnoticias.com\/wp-content\/uploads\/2023\/01\/WhatsApp-Image-2023-01-02-at-16.26.54.jpeg?w=1024&amp;ssl=1 1024w, https:\/\/i0.wp.com\/cdnoticias.com\/wp-content\/uploads\/2023\/01\/WhatsApp-Image-2023-01-02-at-16.26.54.jpeg?resize=300%2C200&amp;ssl=1 300w, https:\/\/i0.wp.com\/cdnoticias.com\/wp-content\/uploads\/2023\/01\/WhatsApp-Image-2023-01-02-at-16.26.54.jpeg?resize=768%2C512&amp;ssl=1 768w, https:\/\/i0.wp.com\/cdnoticias.com\/wp-content\/uploads\/2023\/01\/WhatsApp-Image-2023-01-02-at-16.26.54.jpeg?resize=272%2C182&amp;ssl=1 272w\" sizes=\"auto, (max-width: 800px) 100vw, 800px\" \/><\/p>\n<p>&nbsp;<\/p>\n<p>Adem\u00e1s, <strong>Escuela de Verano 2023<\/strong> forma parte de la Red de Fortalecimiento, por lo que los alumnos de secundaria tendr\u00e1n la posibilidad de <strong>rendir materias previas del ciclo b\u00e1sico.<\/strong><\/p>\n<p>&nbsp;<\/p>\n<p>La propuesta educativa tendr\u00e1 como escenario a m\u00e1s de 100 escuelas sedes, el Parque de la Ciudad, y el Parque Indoamericano. Tambi\u00e9n contar\u00e1 con otros espacios educativos, art\u00edsticos y culturales en distintos puntos de la Ciudad.<\/p>\n<p>&nbsp;<\/p>\n<p>Por \u00faltimo, expresaron que &#8220;los principales objetivos del programa son ofrecer un espacio que favorezca la <strong>inclusi\u00f3n educativa de los estudiantes,<\/strong> a trav\u00e9s de una propuesta de ense\u00f1anza de calidad donde ellos sean los protagonistas; generar estrategias para abordar los contenidos establecidos por el Dise\u00f1o Curricular y las Progresiones de los aprendizajes; y promover el desarrollo y conocimiento de las distintas expresiones art\u00edsticas, expresivas, culturales y deportivas a trav\u00e9s de estrategias recreativas, entre otros&#8221;.<\/p>\n<p>&nbsp;<\/p>\n<p><img data-recalc-dims=\"1\" loading=\"lazy\" decoding=\"async\" class=\"aligncenter wp-image-73931 size-full\" src=\"https:\/\/i0.wp.com\/cdnoticias.com\/wp-content\/uploads\/2023\/01\/WhatsApp-Image-2023-01-02-at-16.26.54-2.jpeg?resize=720%2C1600&#038;ssl=1\" alt=\"\" width=\"720\" height=\"1600\" srcset=\"https:\/\/i0.wp.com\/cdnoticias.com\/wp-content\/uploads\/2023\/01\/WhatsApp-Image-2023-01-02-at-16.26.54-2.jpeg?w=720&amp;ssl=1 720w, https:\/\/i0.wp.com\/cdnoticias.com\/wp-content\/uploads\/2023\/01\/WhatsApp-Image-2023-01-02-at-16.26.54-2.jpeg?resize=135%2C300&amp;ssl=1 135w, https:\/\/i0.wp.com\/cdnoticias.com\/wp-content\/uploads\/2023\/01\/WhatsApp-Image-2023-01-02-at-16.26.54-2.jpeg?resize=461%2C1024&amp;ssl=1 461w, https:\/\/i0.wp.com\/cdnoticias.com\/wp-content\/uploads\/2023\/01\/WhatsApp-Image-2023-01-02-at-16.26.54-2.jpeg?resize=691%2C1536&amp;ssl=1 691w\" sizes=\"auto, (max-width: 720px) 100vw, 720px\" \/><\/p>\n<p>&nbsp;<\/p>\n<p>M\u00e1s informaci\u00f3n haciendo<a href=\"https:\/\/www.buenosaires.gob.ar\/educacion\/escuelaabierta\/vacaciones-en-la-escuela\" target=\"_blank\" rel=\"noopener\"> click ac\u00e1.\u00a0<\/a><\/p>\n","protected":false},"excerpt":{"rendered":"<p>Alumnos de todos los niveles participar\u00e1n de una propuesta l\u00fadica y con contenidos pedag\u00f3gicos en m\u00e1s de 100 establecimientos educativos<\/p>\n","protected":false},"author":6,"featured_media":73932,"comment_status":"closed","ping_status":"closed","sticky":false,"template":"","format":"standard","meta":{"_jetpack_memberships_contains_paid_content":false,"footnotes":""},"categories":[6],"tags":[],"class_list":["post-73930","post","type-post","status-publish","format-standard","has-post-thumbnail","hentry","category-nacionales"],"jetpack_featured_media_url":"https:\/\/i0.wp.com\/cdnoticias.com\/wp-content\/uploads\/2023\/01\/WhatsApp-Image-2023-01-02-at-16.26.54-1.jpeg?fit=1024%2C682&ssl=1","jetpack_sharing_enabled":true,"_links":{"self":[{"href":"https:\/\/cdnoticias.com\/index.php\/wp-json\/wp\/v2\/posts\/73930","targetHints":{"allow":["GET"]}}],"collection":[{"href":"https:\/\/cdnoticias.com\/index.php\/wp-json\/wp\/v2\/posts"}],"about":[{"href":"https:\/\/cdnoticias.com\/index.php\/wp-json\/wp\/v2\/types\/post"}],"author":[{"embeddable":true,"href":"https:\/\/cdnoticias.com\/index.php\/wp-json\/wp\/v2\/users\/6"}],"replies":[{"embeddable":true,"href":"https:\/\/cdnoticias.com\/index.php\/wp-json\/wp\/v2\/comments?post=73930"}],"version-history":[{"count":0,"href":"https:\/\/cdnoticias.com\/index.php\/wp-json\/wp\/v2\/posts\/73930\/revisions"}],"wp:featuredmedia":[{"embeddable":true,"href":"https:\/\/cdnoticias.com\/index.php\/wp-json\/wp\/v2\/media\/73932"}],"wp:attachment":[{"href":"https:\/\/cdnoticias.com\/index.php\/wp-json\/wp\/v2\/media?parent=73930"}],"wp:term":[{"taxonomy":"category","embeddable":true,"href":"https:\/\/cdnoticias.com\/index.php\/wp-json\/wp\/v2\/categories?post=73930"},{"taxonomy":"post_tag","embeddable":true,"href":"https:\/\/cdnoticias.com\/index.php\/wp-json\/wp\/v2\/tags?post=73930"}],"curies":[{"name":"wp","href":"https:\/\/api.w.org\/{rel}","templated":true}]}}