{"id":73918,"date":"2023-01-02T12:21:37","date_gmt":"2023-01-02T15:21:37","guid":{"rendered":"https:\/\/www.centraldenoticias.com.ar\/?p=73918"},"modified":"2023-01-02T18:17:27","modified_gmt":"2023-01-02T21:17:27","slug":"galli-falta-menos-para-que-se-materialice-el-sueno-del-edificio-propio","status":"publish","type":"post","link":"https:\/\/cdnoticias.com\/index.php\/2023\/01\/02\/galli-falta-menos-para-que-se-materialice-el-sueno-del-edificio-propio\/","title":{"rendered":"Galli: \u201cfalta menos para que se materialice el sue\u00f1o del edificio propio\u201d"},"content":{"rendered":"<p>El Intendente visit\u00f3 la construcci\u00f3n del Instituto de Educaci\u00f3n F\u00edsica. Al momento, la obra presenta un grado de avance del 60%.<!--more--><\/p>\n<hr \/>\n<p>En la ma\u00f1ana de este lunes el intendente Ezequiel Galli recorri\u00f3 el avance de obra de la construcci\u00f3n de la<strong> sede del Instituto de Educaci\u00f3n F\u00edsica (ISFD N\u00ba 47)<\/strong>; en el mismo sitio donde se emplazar\u00e1 el Complejo Deportivo Municipal, en el <strong>Parque Avellaneda.\u00a0<\/strong>Acompa\u00f1\u00f3 al Intendente el secretario de Mantenimiento y Obras P\u00fablicas Julio Ferraro.<\/p>\n<p>&nbsp;<\/p>\n<p>Tras la recorrida, el propio Ezequiel Galli dijo: <strong>\u201cfalta menos para que se materialice el sue\u00f1o del edificio propio para todos los que forman parte del Instituto de Educaci\u00f3n F\u00edsica, una instituci\u00f3n que nos llena de orgullo a todos los olavarrienses\u201d.<\/strong><\/p>\n<p>&nbsp;<\/p>\n<p>\u201cEn esta nueva sede los estudiantes y docentes van a poder desarrollarse como lo so\u00f1aron por m\u00e1s de 50 a\u00f1os todos los profes de nuestro Partido, que nos marcaron nuestra infancia y adolescencia\u201d, agreg\u00f3.<\/p>\n<p>&nbsp;<\/p>\n<p>Al momento, <strong>la obra presenta un grado de avance del 60%<\/strong>. Los trabajos est\u00e1n a cargo de la firma Vigas y Bloques SRL, empresa adjudicataria de la licitaci\u00f3n.<\/p>\n<p>&nbsp;<\/p>\n<p><img data-recalc-dims=\"1\" loading=\"lazy\" decoding=\"async\" class=\"aligncenter size-full wp-image-73921\" src=\"https:\/\/i0.wp.com\/cdnoticias.com\/wp-content\/uploads\/2023\/01\/Obras-Edificio-Educacion-Fisica-3-scaled-1.jpg?resize=800%2C445&#038;ssl=1\" alt=\"\" width=\"800\" height=\"445\" srcset=\"https:\/\/i0.wp.com\/cdnoticias.com\/wp-content\/uploads\/2023\/01\/Obras-Edificio-Educacion-Fisica-3-scaled-1.jpg?w=2560&amp;ssl=1 2560w, https:\/\/i0.wp.com\/cdnoticias.com\/wp-content\/uploads\/2023\/01\/Obras-Edificio-Educacion-Fisica-3-scaled-1.jpg?resize=300%2C167&amp;ssl=1 300w, https:\/\/i0.wp.com\/cdnoticias.com\/wp-content\/uploads\/2023\/01\/Obras-Edificio-Educacion-Fisica-3-scaled-1.jpg?resize=1024%2C570&amp;ssl=1 1024w, https:\/\/i0.wp.com\/cdnoticias.com\/wp-content\/uploads\/2023\/01\/Obras-Edificio-Educacion-Fisica-3-scaled-1.jpg?resize=768%2C427&amp;ssl=1 768w, https:\/\/i0.wp.com\/cdnoticias.com\/wp-content\/uploads\/2023\/01\/Obras-Edificio-Educacion-Fisica-3-scaled-1.jpg?resize=1536%2C854&amp;ssl=1 1536w, https:\/\/i0.wp.com\/cdnoticias.com\/wp-content\/uploads\/2023\/01\/Obras-Edificio-Educacion-Fisica-3-scaled-1.jpg?resize=2048%2C1139&amp;ssl=1 2048w, https:\/\/i0.wp.com\/cdnoticias.com\/wp-content\/uploads\/2023\/01\/Obras-Edificio-Educacion-Fisica-3-scaled-1.jpg?resize=800%2C445&amp;ssl=1 800w, https:\/\/i0.wp.com\/cdnoticias.com\/wp-content\/uploads\/2023\/01\/Obras-Edificio-Educacion-Fisica-3-scaled-1.jpg?w=1600&amp;ssl=1 1600w, https:\/\/i0.wp.com\/cdnoticias.com\/wp-content\/uploads\/2023\/01\/Obras-Edificio-Educacion-Fisica-3-scaled-1.jpg?w=2400&amp;ssl=1 2400w\" sizes=\"auto, (max-width: 800px) 100vw, 800px\" \/><\/p>\n<p>&nbsp;<\/p>\n<p><strong>Caracter\u00edsticas de la construcci\u00f3n<\/strong><\/p>\n<p>&nbsp;<\/p>\n<p>La obra constar\u00e1 de un edificio para \u00e1rea educativa terciaria, de 1027 m2, con un acceso al mismo a trav\u00e9s de una explanada de llegada, desde la l\u00ednea del cord\u00f3n vereda. El acceso al predio ser\u00e1 sobre avenida Avellaneda, tanto para ingreso peatonal y vehicular. <strong>El nuevo edificio tendr\u00e1 977 m2 cubiertos y 50 m2 semi cubiertos.<\/strong><\/p>\n<p>&nbsp;<\/p>\n<p>La sede del ISFD N\u00ba 47 contar\u00e1 con <strong>ocho aulas, biblioteca, sal\u00f3n de usos m\u00faltiples, dep\u00f3sito, sala de m\u00e1quinas, oficinas administrativas (preceptor\u00eda, secretar\u00eda, director\/a, sala de reuniones, office y sanitarios).<\/strong> En otra \u00e1rea se ubicar\u00e1n los grupos de sanitarios para la comunidad estudiantil, ba\u00f1os damas, caballeros y para personas con discapacidad, que contar\u00e1 con sector de duchas, dep\u00f3sito y sala de m\u00e1quinas.<\/p>\n<p>&nbsp;<\/p>\n<p>Parte del proyecto prev\u00e9 la construcci\u00f3n del acceso al edificio a trav\u00e9s de una d\u00e1rsena de ingreso de veh\u00edculos p\u00fablicos: tambi\u00e9n <strong>un sector de estacionamiento y un patio en el contrafrente del edificio;<\/strong> adem\u00e1s de la colocaci\u00f3n y provisi\u00f3n de arboles, c\u00e9sped, expansiones, veredas, rampas y gradas en los exteriores.<\/p>\n<p>&nbsp;<\/p>\n<p>El edificio contar\u00e1 con servicio contra incendio y siniestros. La calefacci\u00f3n ser\u00e1 mediante calderas y radiadores, y la refrigeraci\u00f3n por sistema de aires acondicionados.<\/p>\n","protected":false},"excerpt":{"rendered":"<p>El Intendente visit\u00f3 la construcci\u00f3n del Instituto de Educaci\u00f3n F\u00edsica. Al momento, la obra presenta un grado de avance del<\/p>\n","protected":false},"author":5,"featured_media":73920,"comment_status":"closed","ping_status":"closed","sticky":false,"template":"","format":"standard","meta":{"_jetpack_memberships_contains_paid_content":false,"footnotes":""},"categories":[5,1],"tags":[],"class_list":["post-73918","post","type-post","status-publish","format-standard","has-post-thumbnail","hentry","category-informacion-general","category-portada"],"jetpack_featured_media_url":"https:\/\/i0.wp.com\/cdnoticias.com\/wp-content\/uploads\/2023\/01\/Obras-Edificio-Educacion-Fisica-1-scaled-1.jpg?fit=2560%2C1424&ssl=1","jetpack_sharing_enabled":true,"_links":{"self":[{"href":"https:\/\/cdnoticias.com\/index.php\/wp-json\/wp\/v2\/posts\/73918","targetHints":{"allow":["GET"]}}],"collection":[{"href":"https:\/\/cdnoticias.com\/index.php\/wp-json\/wp\/v2\/posts"}],"about":[{"href":"https:\/\/cdnoticias.com\/index.php\/wp-json\/wp\/v2\/types\/post"}],"author":[{"embeddable":true,"href":"https:\/\/cdnoticias.com\/index.php\/wp-json\/wp\/v2\/users\/5"}],"replies":[{"embeddable":true,"href":"https:\/\/cdnoticias.com\/index.php\/wp-json\/wp\/v2\/comments?post=73918"}],"version-history":[{"count":0,"href":"https:\/\/cdnoticias.com\/index.php\/wp-json\/wp\/v2\/posts\/73918\/revisions"}],"wp:featuredmedia":[{"embeddable":true,"href":"https:\/\/cdnoticias.com\/index.php\/wp-json\/wp\/v2\/media\/73920"}],"wp:attachment":[{"href":"https:\/\/cdnoticias.com\/index.php\/wp-json\/wp\/v2\/media?parent=73918"}],"wp:term":[{"taxonomy":"category","embeddable":true,"href":"https:\/\/cdnoticias.com\/index.php\/wp-json\/wp\/v2\/categories?post=73918"},{"taxonomy":"post_tag","embeddable":true,"href":"https:\/\/cdnoticias.com\/index.php\/wp-json\/wp\/v2\/tags?post=73918"}],"curies":[{"name":"wp","href":"https:\/\/api.w.org\/{rel}","templated":true}]}}