{"id":739,"date":"2020-09-04T09:52:49","date_gmt":"2020-09-04T12:52:49","guid":{"rendered":"http:\/\/www.centraldenoticias.com.ar\/?p=739"},"modified":"2020-09-04T09:52:49","modified_gmt":"2020-09-04T12:52:49","slug":"tras-un-caso-positivo-coopelectric-reabrio-sus-puertas","status":"publish","type":"post","link":"https:\/\/cdnoticias.com\/index.php\/2020\/09\/04\/tras-un-caso-positivo-coopelectric-reabrio-sus-puertas\/","title":{"rendered":"Tras un caso positivo, Coopelectric reabri\u00f3 sus puertas"},"content":{"rendered":"<p>Fue en la ma\u00f1ana de este viernes, en su sede de Belgrano 2850. D\u00edas atr\u00e1s, hubo un contrapunto entre la cooperativa y el sindicato Luz y Fuerza por las tareas de limpieza y las garant\u00edas sanitarias de trabajo. Finalmente, y tras hisopados negativos, este viernes nuevamente atiende al p\u00fablico.<!--more--><\/p>\n<p>_________________________________<\/p>\n<p>Luego de haber tenido un caso positivo de coronavirus, el cierre preventivo y un contrapunto con el sindicato por las garant\u00edas sanitarias de trabajo, finalmente <strong>Coopelectric reabri\u00f3 sus oficinas administrativas este viernes en Belgrano 2850.<\/strong><\/p>\n<p>&nbsp;<\/p>\n<p><strong>El cierre se produjo d\u00edas atr\u00e1s, cuando detectaron un caso positivo de una empleada administrativa de la cooperativa<\/strong>, que no realiza tareas de atenci\u00f3n al p\u00fablico pero que hab\u00eda tenido contacto estrecho con varios trabajadores del lugar. Todo ello deriv\u00f3 <strong>trabajos sanitarios de desinfecci\u00f3n y se aisl\u00f3 a los empleados hasta constatar su estado de salud y si hab\u00edan sido contagiados.<\/strong><\/p>\n<p>&nbsp;<\/p>\n<p>En paralelo,<a href=\"https:\/\/cdnoticias.com\/index.php\/2020\/09\/01\/conflicto-en-coopelectric-el-comunicado-del-sindicato-luz-y-fuerza\/\"> el sindicato Luz y Fuerza denunci\u00f3 que Coopelectric buscaba reabrir las oficinas \u201csin tener las garant\u00edas sanitarias correspondientes\u201d<\/a> y tras un<a href=\"https:\/\/cdnoticias.com\/index.php\/2020\/09\/01\/coopelectric-el-consejo-de-administracion-repudio-y-desmintio-los-dichos-de-luz-y-fuerza\/\"> cruce de acusaciones<\/a>, la sede de calle Belgrano estuvo cerrada por algunas horas m\u00e1s.<\/p>\n<p>&nbsp;<\/p>\n<p>Finalmente,<strong> se inform\u00f3 oficialmente que desde este viernes la atenci\u00f3n volver\u00e1 a la normalidad<\/strong>, con el sistema de atenci\u00f3n determinado por la entidad.<\/p>\n","protected":false},"excerpt":{"rendered":"<p>Fue en la ma\u00f1ana de este viernes, en su sede de Belgrano 2850. D\u00edas atr\u00e1s, hubo un contrapunto entre la<\/p>\n","protected":false},"author":2,"featured_media":0,"comment_status":"closed","ping_status":"closed","sticky":false,"template":"","format":"standard","meta":{"_jetpack_memberships_contains_paid_content":false,"footnotes":""},"categories":[5,1],"tags":[],"class_list":["post-739","post","type-post","status-publish","format-standard","hentry","category-informacion-general","category-portada"],"jetpack_featured_media_url":"","jetpack_sharing_enabled":true,"_links":{"self":[{"href":"https:\/\/cdnoticias.com\/index.php\/wp-json\/wp\/v2\/posts\/739","targetHints":{"allow":["GET"]}}],"collection":[{"href":"https:\/\/cdnoticias.com\/index.php\/wp-json\/wp\/v2\/posts"}],"about":[{"href":"https:\/\/cdnoticias.com\/index.php\/wp-json\/wp\/v2\/types\/post"}],"author":[{"embeddable":true,"href":"https:\/\/cdnoticias.com\/index.php\/wp-json\/wp\/v2\/users\/2"}],"replies":[{"embeddable":true,"href":"https:\/\/cdnoticias.com\/index.php\/wp-json\/wp\/v2\/comments?post=739"}],"version-history":[{"count":0,"href":"https:\/\/cdnoticias.com\/index.php\/wp-json\/wp\/v2\/posts\/739\/revisions"}],"wp:attachment":[{"href":"https:\/\/cdnoticias.com\/index.php\/wp-json\/wp\/v2\/media?parent=739"}],"wp:term":[{"taxonomy":"category","embeddable":true,"href":"https:\/\/cdnoticias.com\/index.php\/wp-json\/wp\/v2\/categories?post=739"},{"taxonomy":"post_tag","embeddable":true,"href":"https:\/\/cdnoticias.com\/index.php\/wp-json\/wp\/v2\/tags?post=739"}],"curies":[{"name":"wp","href":"https:\/\/api.w.org\/{rel}","templated":true}]}}