{"id":7382,"date":"2020-11-25T08:28:42","date_gmt":"2020-11-25T11:28:42","guid":{"rendered":"http:\/\/www.centraldenoticias.com.ar\/?p=7382"},"modified":"2020-11-25T08:28:42","modified_gmt":"2020-11-25T11:28:42","slug":"ormando-hugo-mari-toto-q-e-p-d","status":"publish","type":"post","link":"https:\/\/cdnoticias.com\/index.php\/2020\/11\/25\/ormando-hugo-mari-toto-q-e-p-d\/","title":{"rendered":"Ormando Hugo Mari &#8220;Toto&#8221; (Q.E.P.D.)"},"content":{"rendered":"<p>Falleci\u00f3 en Olavarr\u00eda a los 86 a\u00f1os de edad. Su esposa Hilda Esther Caro; sus hijos Hugo An\u00edbal, M\u00f3nica Esther y Julio Cesar Mari; su hija pol\u00edtica Bettina Lier; sus nietos Maximiliano y Francisco Reguera; Ramiro, Juli\u00e1n y Pamela Mari; sus nietas pol\u00edticas Maru Loide y Micaela Torres; sus bisnietos Pilar, Aureliano y Madison Mari; Benjam\u00edn, Benicio y Felipe Reguera; sus hermanos pol\u00edticos y dem\u00e1s deudos participan su fallecimiento.<\/p>\n<p>&nbsp;<\/p>\n<p>Sus restos ser\u00e1n inhumados en el Cementerio Loma de Paz este mi\u00e9rcoles a las 14.30 horas. Nacido en Concar\u00e1n, San Luis, vecino de barrio Coronel Dorrego, jubilado de Loma Negra CIASA.<\/p>\n","protected":false},"excerpt":{"rendered":"<p>Falleci\u00f3 en Olavarr\u00eda a los 86 a\u00f1os de edad. Su esposa Hilda Esther Caro; sus hijos Hugo An\u00edbal, M\u00f3nica Esther<\/p>\n","protected":false},"author":2,"featured_media":0,"comment_status":"closed","ping_status":"closed","sticky":false,"template":"","format":"standard","meta":{"_jetpack_memberships_contains_paid_content":false,"footnotes":""},"categories":[10],"tags":[],"class_list":["post-7382","post","type-post","status-publish","format-standard","hentry","category-necrologicas"],"jetpack_featured_media_url":"","jetpack_sharing_enabled":true,"_links":{"self":[{"href":"https:\/\/cdnoticias.com\/index.php\/wp-json\/wp\/v2\/posts\/7382","targetHints":{"allow":["GET"]}}],"collection":[{"href":"https:\/\/cdnoticias.com\/index.php\/wp-json\/wp\/v2\/posts"}],"about":[{"href":"https:\/\/cdnoticias.com\/index.php\/wp-json\/wp\/v2\/types\/post"}],"author":[{"embeddable":true,"href":"https:\/\/cdnoticias.com\/index.php\/wp-json\/wp\/v2\/users\/2"}],"replies":[{"embeddable":true,"href":"https:\/\/cdnoticias.com\/index.php\/wp-json\/wp\/v2\/comments?post=7382"}],"version-history":[{"count":0,"href":"https:\/\/cdnoticias.com\/index.php\/wp-json\/wp\/v2\/posts\/7382\/revisions"}],"wp:attachment":[{"href":"https:\/\/cdnoticias.com\/index.php\/wp-json\/wp\/v2\/media?parent=7382"}],"wp:term":[{"taxonomy":"category","embeddable":true,"href":"https:\/\/cdnoticias.com\/index.php\/wp-json\/wp\/v2\/categories?post=7382"},{"taxonomy":"post_tag","embeddable":true,"href":"https:\/\/cdnoticias.com\/index.php\/wp-json\/wp\/v2\/tags?post=7382"}],"curies":[{"name":"wp","href":"https:\/\/api.w.org\/{rel}","templated":true}]}}