{"id":7380,"date":"2020-11-25T08:23:47","date_gmt":"2020-11-25T11:23:47","guid":{"rendered":"http:\/\/www.centraldenoticias.com.ar\/?p=7380"},"modified":"2020-11-25T08:23:47","modified_gmt":"2020-11-25T11:23:47","slug":"julia-rossi-orsatti-q-e-p-d","status":"publish","type":"post","link":"https:\/\/cdnoticias.com\/index.php\/2020\/11\/25\/julia-rossi-orsatti-q-e-p-d\/","title":{"rendered":"Julia Rossi Orsatti (Q.E.P.D.)"},"content":{"rendered":"<p>Falleci\u00f3 en Olavarr\u00eda a los 100 a\u00f1os de edad. Su hijo pol\u00edtico Francisco Manuel; sus nietos Pablo, Silvina y Julia Francisco; su nieta pol\u00edtica Ver\u00f3nica Giafalone; sus bisnietos Federico y Marcos Azcurra; Hern\u00e1n, Marina y Morena Francisco; Bautista y Delfina Pedernera, sus tataranietos Benicio Francisco y Cirilo Azcurra; sus sobrinos; sus sobrinos pol\u00edticos y dem\u00e1s deudos participan su fallecimiento.<\/p>\n<p>&nbsp;<\/p>\n<p>Sus restos ser\u00e1n inhumados en el Cementerio Loma de Paz este mi\u00e9rcoles a las 10.30 horas. Nacida en Olavarr\u00eda, vecina del barrio Misioneras Padre Kolbe, jubilada y pensionada.<\/p>\n","protected":false},"excerpt":{"rendered":"<p>Falleci\u00f3 en Olavarr\u00eda a los 100 a\u00f1os de edad. Su hijo pol\u00edtico Francisco Manuel; sus nietos Pablo, Silvina y Julia<\/p>\n","protected":false},"author":2,"featured_media":0,"comment_status":"closed","ping_status":"closed","sticky":false,"template":"","format":"standard","meta":{"_jetpack_memberships_contains_paid_content":false,"footnotes":""},"categories":[10],"tags":[],"class_list":["post-7380","post","type-post","status-publish","format-standard","hentry","category-necrologicas"],"jetpack_featured_media_url":"","jetpack_sharing_enabled":true,"_links":{"self":[{"href":"https:\/\/cdnoticias.com\/index.php\/wp-json\/wp\/v2\/posts\/7380","targetHints":{"allow":["GET"]}}],"collection":[{"href":"https:\/\/cdnoticias.com\/index.php\/wp-json\/wp\/v2\/posts"}],"about":[{"href":"https:\/\/cdnoticias.com\/index.php\/wp-json\/wp\/v2\/types\/post"}],"author":[{"embeddable":true,"href":"https:\/\/cdnoticias.com\/index.php\/wp-json\/wp\/v2\/users\/2"}],"replies":[{"embeddable":true,"href":"https:\/\/cdnoticias.com\/index.php\/wp-json\/wp\/v2\/comments?post=7380"}],"version-history":[{"count":0,"href":"https:\/\/cdnoticias.com\/index.php\/wp-json\/wp\/v2\/posts\/7380\/revisions"}],"wp:attachment":[{"href":"https:\/\/cdnoticias.com\/index.php\/wp-json\/wp\/v2\/media?parent=7380"}],"wp:term":[{"taxonomy":"category","embeddable":true,"href":"https:\/\/cdnoticias.com\/index.php\/wp-json\/wp\/v2\/categories?post=7380"},{"taxonomy":"post_tag","embeddable":true,"href":"https:\/\/cdnoticias.com\/index.php\/wp-json\/wp\/v2\/tags?post=7380"}],"curies":[{"name":"wp","href":"https:\/\/api.w.org\/{rel}","templated":true}]}}