{"id":73731,"date":"2022-12-30T14:09:41","date_gmt":"2022-12-30T17:09:41","guid":{"rendered":"https:\/\/www.centraldenoticias.com.ar\/?p=73731"},"modified":"2022-12-30T14:09:41","modified_gmt":"2022-12-30T17:09:41","slug":"kicillof-acordo-con-gremios-un-nuevo-aumento-para-estatales-7-mas","status":"publish","type":"post","link":"https:\/\/cdnoticias.com\/index.php\/2022\/12\/30\/kicillof-acordo-con-gremios-un-nuevo-aumento-para-estatales-7-mas\/","title":{"rendered":"Kicillof acord\u00f3 con gremios un nuevo aumento para estatales: 7% m\u00e1s"},"content":{"rendered":"<p>El gobernador se reuni\u00f3 en la tarde del jueves con autoridades de los gremios docentes, judiciales y de la Ley 10430 de la administraci\u00f3n p\u00fablica provincial.<\/p>\n<p><!--more--><\/p>\n<hr \/>\n<p>Como <strong>cierre de las paritarias 2022<\/strong>, el <strong>gobernador de la provincia de Buenos Aires, Axel Kicillof,<\/strong> se reuni\u00f3 este jueves por la tarde con autoridades de los <strong>gremios que representan a las y los trabajadores docentes, judiciales y de la Ley 10430<\/strong>, con quienes acord\u00f3 <strong>una suba salarial adicional de 7 puntos porcentuales en diciembre que garantiza un piso de aumento de 97% para todos los reg\u00edmenes de la administraci\u00f3n p\u00fablica provincial.<\/strong> Fue junto a los ministros de Hacienda y Finanzas, Pablo L\u00f3pez; y de Trabajo, Walter Correa; y el director general de Cultura y Educaci\u00f3n, Alberto Sileoni.<\/p>\n<p>&nbsp;<\/p>\n<blockquote><p>En ese marco, Kicillof destac\u00f3 que \u201chemos puesto en valor las paritarias despu\u00e9s de una \u00e9poca en la que no solamente no hab\u00eda di\u00e1logo con los gremios, sino que se atacaba y estigmatizaba a los representantes sindicales\u201d. \u201cDejamos atr\u00e1s una etapa de ajuste y precarizaci\u00f3n que impact\u00f3 tanto en el salario como en las condiciones laborales de las y los trabajadores\u201d, a\u00f1adi\u00f3.<\/p><\/blockquote>\n<p>&nbsp;<\/p>\n<p>En ese sentido, el Gobernador se\u00f1al\u00f3 \u201cdesde el primer d\u00eda nos hemos puesto el objetivo de terminar con el deterioro que estaban sufriendo los salarios en la Provincia y empezar<strong> un proceso de recuperaci\u00f3n de lo perdido\u201d.<\/strong><\/p>\n<p>&nbsp;<\/p>\n<p>Este incremento salarial adicional &#8220;alcanza tambi\u00e9n a los agentes de las fuerzas de seguridad, y asegura que ning\u00fan trabajador pierda contra la inflaci\u00f3n. Adem\u00e1s, se estableci\u00f3 que <strong>la Provincia convocar\u00e1 a los gremios durante enero de cara a la paritaria 2023<\/strong>&#8221; se adelant\u00f3 en la comunicaci\u00f3n oficial.<\/p>\n<p>&nbsp;<\/p>\n<blockquote class=\"twitter-tweet\">\n<p dir=\"ltr\" lang=\"es\">Como cierre de las paritarias de este a\u00f1o, nos reunimos con referentes de los gremios que representan a las y los trabajadores docentes, judiciales, y de la Ley 10.430, y acordamos un incremento salarial adicional del 7% en diciembre, garantizando as\u00ed un piso del 97% anual. <a href=\"https:\/\/t.co\/Z3FBqd4MIl\">pic.twitter.com\/Z3FBqd4MIl<\/a><\/p>\n<p>\u2014 Axel Kicillof (@Kicillofok) <a href=\"https:\/\/twitter.com\/Kicillofok\/status\/1608620390833868801?ref_src=twsrc%5Etfw\">December 30, 2022<\/a><\/p><\/blockquote>\n<p><script async src=\"https:\/\/platform.twitter.com\/widgets.js\" charset=\"utf-8\"><\/script><\/p>\n<p>&nbsp;<\/p>\n<p>El <strong>ministro L\u00f3pez asegur\u00f3<\/strong>: \u201cDesde el inicio de nuestra gesti\u00f3n hemos escuchado las demandas e inquietudes de las y los representantes de los trabajadores, haciendo lo posible por darles respuesta. Este acuerdo que cierra la paritaria 2022 es una muestra m\u00e1s del compromiso de este Gobierno de avanzar en un proceso de recomposici\u00f3n del salario\u201d.<\/p>\n<p>&nbsp;<\/p>\n<p>Por su parte, el<strong> ministro Correa<\/strong> destac\u00f3: \u201cEl a\u00f1o que viene vamos a cumplir 40 a\u00f1os de democracia, y 20 a\u00f1os del proceso paritario en la Rep\u00fablica Argentina, eso es algo muy importante que hizo N\u00e9stor en el 2003, que destaco porque es un ejercicio fort\u00edsimo en el sistema democr\u00e1tico. Todos somos compa\u00f1eras y compa\u00f1eros, estamos en una misma mesa, lo pudimos resolver y lo resolvimos desde el Estado mismo, un Estado provincial comprometido. Eso es algo que yo celebro. Defendamos la paritaria de cara al a\u00f1o que viene y tambi\u00e9n estos 40 a\u00f1os de democracia\u201d. Asimismo, Sileoni subray\u00f3 que \u201cseguimos dando pasos muy importantes para reconstruir la educaci\u00f3n p\u00fablica despu\u00e9s de una etapa de una fuerte desinversi\u00f3n\u201d. \u201cAgradecemos el esfuerzo de toda la comunidad educativa en este proceso de recuperaci\u00f3n que, adem\u00e1s, permitir\u00e1 que el a\u00f1o que viene las clases empiecen nuevamente en tiempo y forma\u201d, agreg\u00f3.<\/p>\n<p>&nbsp;<\/p>\n<p><img data-recalc-dims=\"1\" loading=\"lazy\" decoding=\"async\" class=\"size-full wp-image-73734 aligncenter\" src=\"https:\/\/i0.wp.com\/cdnoticias.com\/wp-content\/uploads\/2022\/12\/kicillof-estatales-paritarias-02.jpg?resize=800%2C445&#038;ssl=1\" alt=\"\" width=\"800\" height=\"445\" srcset=\"https:\/\/i0.wp.com\/cdnoticias.com\/wp-content\/uploads\/2022\/12\/kicillof-estatales-paritarias-02.jpg?w=800&amp;ssl=1 800w, https:\/\/i0.wp.com\/cdnoticias.com\/wp-content\/uploads\/2022\/12\/kicillof-estatales-paritarias-02.jpg?resize=300%2C167&amp;ssl=1 300w, https:\/\/i0.wp.com\/cdnoticias.com\/wp-content\/uploads\/2022\/12\/kicillof-estatales-paritarias-02.jpg?resize=768%2C427&amp;ssl=1 768w\" sizes=\"auto, (max-width: 800px) 100vw, 800px\" \/><\/p>\n<p>&nbsp;<\/p>\n<p>Durante la reuni\u00f3n, los representantes de los gremios brindaron su apoyo a todas las provincias en torno al reclamo por los recursos de la coparticipaci\u00f3n ante la Corte Suprema de Justicia. Estuvieron presentes autoridades de <em>SUTEBA, FEB, AMET, SADOP, UDOCBA, UDA, UPCN, ATE, FEGEPPBA, SLyF, AEMOPBA, AMS, SOSBA, SSP, SMHLP, APOC, AERI, SOEME, AJB, CICOP, APLA, APV, AECN, AMRA, SGP y AJAMOP<\/em>.<\/p>\n<p>&nbsp;<\/p>\n<blockquote><p>\u201cHa sido una reuni\u00f3n muy importante para terminar por tercer a\u00f1o consecutivo con los salarios de las y los trabajadores del Estado por encima de la inflaci\u00f3n. Ese era nuestro objetivo y un compromiso que asumi\u00f3 el Gobernador y que est\u00e1 cumpliendo con este anuncio\u201d, afirm\u00f3 Pablo Maciel, secretario general de CICOP.<\/p><\/blockquote>\n<p>&nbsp;<\/p>\n<p>En tanto, el <strong>secretario general de la CTA de la Provincia, Roberto Baradel,<\/strong> enfatiz\u00f3 \u201cla continuidad del trabajo conjunto, el respeto a las organizaciones sindicales y la <strong>valoraci\u00f3n de las y los trabajadores estatales por parte del Gobierno de la Provincia\u201d<\/strong>. \u201cEstamos satisfechos por este acuerdo salarial que nos permite estar por encima de la inflaci\u00f3n en un contexto muy complejo debido a la decisi\u00f3n de la Corte Suprema de Justicia en materia de coparticipaci\u00f3n\u201d, remarc\u00f3.<\/p>\n<p>&nbsp;<\/p>\n<p><img data-recalc-dims=\"1\" loading=\"lazy\" decoding=\"async\" class=\"size-full wp-image-73732 aligncenter\" src=\"https:\/\/i0.wp.com\/cdnoticias.com\/wp-content\/uploads\/2022\/12\/kicillof-estatales-paritarias-00.jpg?resize=800%2C445&#038;ssl=1\" alt=\"\" width=\"800\" height=\"445\" srcset=\"https:\/\/i0.wp.com\/cdnoticias.com\/wp-content\/uploads\/2022\/12\/kicillof-estatales-paritarias-00.jpg?w=800&amp;ssl=1 800w, https:\/\/i0.wp.com\/cdnoticias.com\/wp-content\/uploads\/2022\/12\/kicillof-estatales-paritarias-00.jpg?resize=300%2C167&amp;ssl=1 300w, https:\/\/i0.wp.com\/cdnoticias.com\/wp-content\/uploads\/2022\/12\/kicillof-estatales-paritarias-00.jpg?resize=768%2C427&amp;ssl=1 768w\" sizes=\"auto, (max-width: 800px) 100vw, 800px\" \/><\/p>\n<p>&nbsp;<\/p>\n<blockquote><p>Por \u00faltimo, Kicillof resalt\u00f3 que \u201creafirmamos nuestro compromiso por mejorar las condiciones laborales y, de esta forma, las capacidades de respuesta ante los problemas de las y los bonaerenses\u201d. \u201cLa Provincia tiene deudas y problemas estructurales hace mucho tiempo y no estamos ac\u00e1 para ocultarlos: vamos a seguir trabajando todos los d\u00edas para dar respuestas\u201d, concluy\u00f3.<\/p><\/blockquote>\n<p>&nbsp;<\/p>\n<p>Participaron tambi\u00e9n, por el Ministerio de Hacienda y Finanzas, el subsecretario de Coordinaci\u00f3n Econ\u00f3mica y Estad\u00edstica, Nicol\u00e1s Todesca; y por el Ministerio de Trabajo, la jefa de Gabinete, Cecilia Cecchini; el director provincial de la Negociaci\u00f3n Colectiva, Juan Pablo Lorenzo; y la directora de Gesti\u00f3n de la Negociaci\u00f3n Colectiva, Valeria Cortez.<\/p>\n<p>&nbsp;<\/p>\n","protected":false},"excerpt":{"rendered":"<p>El gobernador se reuni\u00f3 en la tarde del jueves con autoridades de los gremios docentes, judiciales y de la Ley<\/p>\n","protected":false},"author":4,"featured_media":73733,"comment_status":"closed","ping_status":"closed","sticky":false,"template":"","format":"standard","meta":{"_jetpack_memberships_contains_paid_content":false,"footnotes":""},"categories":[6,1],"tags":[],"class_list":["post-73731","post","type-post","status-publish","format-standard","has-post-thumbnail","hentry","category-nacionales","category-portada"],"jetpack_featured_media_url":"https:\/\/i0.wp.com\/cdnoticias.com\/wp-content\/uploads\/2022\/12\/kicillof-estatales-paritarias-01.jpg?fit=800%2C445&ssl=1","jetpack_sharing_enabled":true,"_links":{"self":[{"href":"https:\/\/cdnoticias.com\/index.php\/wp-json\/wp\/v2\/posts\/73731","targetHints":{"allow":["GET"]}}],"collection":[{"href":"https:\/\/cdnoticias.com\/index.php\/wp-json\/wp\/v2\/posts"}],"about":[{"href":"https:\/\/cdnoticias.com\/index.php\/wp-json\/wp\/v2\/types\/post"}],"author":[{"embeddable":true,"href":"https:\/\/cdnoticias.com\/index.php\/wp-json\/wp\/v2\/users\/4"}],"replies":[{"embeddable":true,"href":"https:\/\/cdnoticias.com\/index.php\/wp-json\/wp\/v2\/comments?post=73731"}],"version-history":[{"count":0,"href":"https:\/\/cdnoticias.com\/index.php\/wp-json\/wp\/v2\/posts\/73731\/revisions"}],"wp:featuredmedia":[{"embeddable":true,"href":"https:\/\/cdnoticias.com\/index.php\/wp-json\/wp\/v2\/media\/73733"}],"wp:attachment":[{"href":"https:\/\/cdnoticias.com\/index.php\/wp-json\/wp\/v2\/media?parent=73731"}],"wp:term":[{"taxonomy":"category","embeddable":true,"href":"https:\/\/cdnoticias.com\/index.php\/wp-json\/wp\/v2\/categories?post=73731"},{"taxonomy":"post_tag","embeddable":true,"href":"https:\/\/cdnoticias.com\/index.php\/wp-json\/wp\/v2\/tags?post=73731"}],"curies":[{"name":"wp","href":"https:\/\/api.w.org\/{rel}","templated":true}]}}