{"id":73726,"date":"2022-12-30T11:44:06","date_gmt":"2022-12-30T14:44:06","guid":{"rendered":"https:\/\/www.centraldenoticias.com.ar\/?p=73726"},"modified":"2022-12-30T11:44:06","modified_gmt":"2022-12-30T14:44:06","slug":"infraccion-a-el-popular-por-la-deuda-salarial","status":"publish","type":"post","link":"https:\/\/cdnoticias.com\/index.php\/2022\/12\/30\/infraccion-a-el-popular-por-la-deuda-salarial\/","title":{"rendered":"Infracci\u00f3n a El Popular por la deuda salarial"},"content":{"rendered":"<p>Desde el 22 de diciembre se mantiene el paro de los trabajadores declarado por Fatpren. La empresa no se present\u00f3 a una audiencia en el Ministerio de Trabajo.<!--more--><\/p>\n<hr \/>\n<p><strong>Los trabajadores y trabajadoras de El Popular llevan adelante un paro desde el 22 de diciembre<\/strong> <a href=\"https:\/\/cdnoticias.com\/index.php\/2022\/12\/26\/empleados-de-el-popular-siguen-sin-cobrar-y-habra-nueva-audiencia-en-el-ministerio-de-trabajo\/\" target=\"_blank\" rel=\"noopener\">ante el atraso en el pago de los salarios del mes de noviembre<\/a>. Este jueves se llev\u00f3 a cabo una<strong> nueva audiencia en el Ministerio de Trabajo<\/strong>, tras la cual se conoci\u00f3 que el organismo provincial dictamin\u00f3 <strong>una infracci\u00f3n contra la empresa.<\/strong><\/p>\n<p>&nbsp;<\/p>\n<p><strong>A la audiencia celebrada este jueves por la tarde la empresa no se present\u00f3<\/strong>. Estuvieron los representantes sindicales y legales de la Federaci\u00f3n de Trabajadores de Prensa (Fatpren) y la Asociaci\u00f3n de Periodistas de Olavarr\u00eda. Ante la incomparecencia se dej\u00f3 constancia de que la empresa El Popular SA estaba \u201cdebidamente notificada\u201d.<\/p>\n<p>&nbsp;<\/p>\n<p>Al cierre de la audiencia, se inform\u00f3 que Fatpren solicit\u00f3 a la autoridad ministerial que intime a la empresa a abonar la totalidad de salarios adeudados correspondientes a noviembre de 2022 y la segunda cuota del aguinaldo. En ese marco, se conoci\u00f3 que <strong>con fecha 27 de diciembre el Ministerio de Trabajo hab\u00eda enviado la intimaci\u00f3n \u201cbajo apercibimiento de aplicar las sanciones correspondientes\u201d.<\/strong><\/p>\n<p>&nbsp;<\/p>\n<blockquote><p>Se expuso que ante el incumplimiento, la autoridad laboral dict\u00f3 una infracci\u00f3n e inici\u00f3 el procedimiento sumarial.<\/p><\/blockquote>\n<p>&nbsp;<\/p>\n<p>Tanto el sindicato de periodistas Fatpren como el sindicato de los trabajadores de televisi\u00f3n SAT-SAID, han mantenido <strong>numerosas audiencias en el Ministerio de Trabajo local noviembre y diciembre debido a las demoras en los pagos salariales.<\/strong><\/p>\n<p>&nbsp;<\/p>\n<p><iframe loading=\"lazy\" style=\"border: none; overflow: hidden;\" src=\"https:\/\/www.facebook.com\/plugins\/post.php?href=https%3A%2F%2Fwww.facebook.com%2Fapodeolavarria%2Fposts%2Fpfbid02TzpV4Y3vhMQAHB7bqDTdKyhiScMhMMo79V7DNCqgsDYyJtNk6TrEg9kB4f2iqiXgl&amp;show_text=true&amp;width=500\" width=\"500\" height=\"699\" frameborder=\"0\" scrolling=\"no\" allowfullscreen=\"allowfullscreen\"><\/iframe><\/p>\n<p>&nbsp;<\/p>\n","protected":false},"excerpt":{"rendered":"<p>Desde el 22 de diciembre se mantiene el paro de los trabajadores declarado por Fatpren. La empresa no se present\u00f3<\/p>\n","protected":false},"author":4,"featured_media":59905,"comment_status":"closed","ping_status":"closed","sticky":false,"template":"","format":"standard","meta":{"_jetpack_memberships_contains_paid_content":false,"footnotes":""},"categories":[5,1],"tags":[],"class_list":["post-73726","post","type-post","status-publish","format-standard","has-post-thumbnail","hentry","category-informacion-general","category-portada"],"jetpack_featured_media_url":"https:\/\/i0.wp.com\/cdnoticias.com\/wp-content\/uploads\/2022\/07\/el-popular-reclamo04.jpg?fit=1600%2C890&ssl=1","jetpack_sharing_enabled":true,"_links":{"self":[{"href":"https:\/\/cdnoticias.com\/index.php\/wp-json\/wp\/v2\/posts\/73726","targetHints":{"allow":["GET"]}}],"collection":[{"href":"https:\/\/cdnoticias.com\/index.php\/wp-json\/wp\/v2\/posts"}],"about":[{"href":"https:\/\/cdnoticias.com\/index.php\/wp-json\/wp\/v2\/types\/post"}],"author":[{"embeddable":true,"href":"https:\/\/cdnoticias.com\/index.php\/wp-json\/wp\/v2\/users\/4"}],"replies":[{"embeddable":true,"href":"https:\/\/cdnoticias.com\/index.php\/wp-json\/wp\/v2\/comments?post=73726"}],"version-history":[{"count":0,"href":"https:\/\/cdnoticias.com\/index.php\/wp-json\/wp\/v2\/posts\/73726\/revisions"}],"wp:featuredmedia":[{"embeddable":true,"href":"https:\/\/cdnoticias.com\/index.php\/wp-json\/wp\/v2\/media\/59905"}],"wp:attachment":[{"href":"https:\/\/cdnoticias.com\/index.php\/wp-json\/wp\/v2\/media?parent=73726"}],"wp:term":[{"taxonomy":"category","embeddable":true,"href":"https:\/\/cdnoticias.com\/index.php\/wp-json\/wp\/v2\/categories?post=73726"},{"taxonomy":"post_tag","embeddable":true,"href":"https:\/\/cdnoticias.com\/index.php\/wp-json\/wp\/v2\/tags?post=73726"}],"curies":[{"name":"wp","href":"https:\/\/api.w.org\/{rel}","templated":true}]}}