{"id":73721,"date":"2022-12-30T10:40:18","date_gmt":"2022-12-30T13:40:18","guid":{"rendered":"https:\/\/www.centraldenoticias.com.ar\/?p=73721"},"modified":"2022-12-30T10:40:18","modified_gmt":"2022-12-30T13:40:18","slug":"ezequiel-galli-celebro-la-ampliacion-de-cuadriculas-policiales","status":"publish","type":"post","link":"https:\/\/cdnoticias.com\/index.php\/2022\/12\/30\/ezequiel-galli-celebro-la-ampliacion-de-cuadriculas-policiales\/","title":{"rendered":"Ezequiel Galli \u201ccelebr\u00f3\u201d la ampliaci\u00f3n de cuadr\u00edculas policiales"},"content":{"rendered":"<p>El jefe comunal record\u00f3 que efectu\u00f3 el pedido al Ministerio de Seguridad en el inicio de su primera gesti\u00f3n en 2015. \u201cLo logr\u00e9 en esta segunda gesti\u00f3n\u201d dijo.<!--more--><\/p>\n<hr \/>\n<p>En sus redes sociales, <strong>el intendente Ezequiel Galli<\/strong> se refiri\u00f3 a la novedad que comunic\u00f3 la Jefatura de Polic\u00eda Departamental con <a href=\"https:\/\/cdnoticias.com\/index.php\/2022\/12\/30\/se-ampliaron-a-15-las-zonas-de-patrullaje-policial-en-olavarria\/\" target=\"_blank\" rel=\"noopener\">la ampliaci\u00f3n de cuadr\u00edculas en la planta urbana de Olavarr\u00eda<\/a>.<\/p>\n<p>&nbsp;<\/p>\n<blockquote><p>\u201cCelebro la medida del Ministerio de Seguridad y la decisi\u00f3n de Sergio Berni\u201d expres\u00f3 el mandatario local.<\/p><\/blockquote>\n<p>&nbsp;<\/p>\n<p>Record\u00f3 que el <strong>pedido de aumento a 15 zonas de patrullaje fue presentado en el inicio de su primera gesti\u00f3n en el a\u00f1o 2015<\/strong>, y reci\u00e9n ahora lleg\u00f3 la respuesta positiva. \u201cEs un pedido que realic\u00e9 desde que asum\u00ed en 2015 y lo logr\u00e9 en esta segunda gesti\u00f3n\u201d manifest\u00f3.<\/p>\n<p>&nbsp;<\/p>\n<p><img data-recalc-dims=\"1\" loading=\"lazy\" decoding=\"async\" class=\"size-full wp-image-68706 aligncenter\" src=\"https:\/\/i0.wp.com\/cdnoticias.com\/wp-content\/uploads\/2022\/10\/berni-patrulleros-4.jpg?resize=800%2C445&#038;ssl=1\" alt=\"\" width=\"800\" height=\"445\" srcset=\"https:\/\/i0.wp.com\/cdnoticias.com\/wp-content\/uploads\/2022\/10\/berni-patrulleros-4.jpg?w=800&amp;ssl=1 800w, https:\/\/i0.wp.com\/cdnoticias.com\/wp-content\/uploads\/2022\/10\/berni-patrulleros-4.jpg?resize=300%2C167&amp;ssl=1 300w, https:\/\/i0.wp.com\/cdnoticias.com\/wp-content\/uploads\/2022\/10\/berni-patrulleros-4.jpg?resize=768%2C427&amp;ssl=1 768w\" sizes=\"auto, (max-width: 800px) 100vw, 800px\" \/><\/p>\n<p>&nbsp;<\/p>\n<blockquote><p>Por \u00faltimo, consider\u00f3 que el cambio a 15 zonas de patrullaje policial \u201cva a fortalecer la prevenci\u00f3n del delito en nuestro Partido\u201d.<\/p><\/blockquote>\n<p>&nbsp;<\/p>\n<p>El tema se hab\u00eda planteado nuevamente a fines de octubre, con<a href=\"https:\/\/cdnoticias.com\/index.php\/2022\/10\/31\/segio-berni-estamos-renovando-la-totalidad-de-la-flota-urbana\/\" target=\"_blank\" rel=\"noopener\"> la visita del ministro Berni a la ciudad para la entrega de 16 nuevos veh\u00edculos con los que se renov\u00f3 la flota urbana<\/a>.<\/p>\n<p>&nbsp;<\/p>\n<blockquote class=\"twitter-tweet\">\n<p dir=\"ltr\" lang=\"es\">Celebro la medida del Min. de Seguridad y la decisi\u00f3n de <a href=\"https:\/\/twitter.com\/SergioBerniArg?ref_src=twsrc%5Etfw\">@SergioBerniArg<\/a> de aumentar de 10 a 15 las zonas de patrullajes en <a href=\"https:\/\/twitter.com\/hashtag\/Olavarr%C3%ADa?src=hash&amp;ref_src=twsrc%5Etfw\">#Olavarr\u00eda<\/a>. Es un pedido que realic\u00e9 desde que asum\u00ed en 2015 y lo logr\u00e9 en esta 2\u00b0 gesti\u00f3n. Esto va a fortalecer la prevenci\u00f3n del delito en nuestro Partido<\/p>\n<p>\u2014 Ezequiel Galli (@ezequielgalli) <a href=\"https:\/\/twitter.com\/ezequielgalli\/status\/1608627465127342085?ref_src=twsrc%5Etfw\">December 30, 2022<\/a><\/p><\/blockquote>\n<p><script async src=\"https:\/\/platform.twitter.com\/widgets.js\" charset=\"utf-8\"><\/script><\/p>\n","protected":false},"excerpt":{"rendered":"<p>El jefe comunal record\u00f3 que efectu\u00f3 el pedido al Ministerio de Seguridad en el inicio de su primera gesti\u00f3n en<\/p>\n","protected":false},"author":4,"featured_media":68703,"comment_status":"closed","ping_status":"closed","sticky":false,"template":"","format":"standard","meta":{"_jetpack_memberships_contains_paid_content":false,"footnotes":""},"categories":[4,1],"tags":[],"class_list":["post-73721","post","type-post","status-publish","format-standard","has-post-thumbnail","hentry","category-politica","category-portada"],"jetpack_featured_media_url":"https:\/\/i0.wp.com\/cdnoticias.com\/wp-content\/uploads\/2022\/10\/berni-patrulleros-1.jpg?fit=800%2C445&ssl=1","jetpack_sharing_enabled":true,"_links":{"self":[{"href":"https:\/\/cdnoticias.com\/index.php\/wp-json\/wp\/v2\/posts\/73721","targetHints":{"allow":["GET"]}}],"collection":[{"href":"https:\/\/cdnoticias.com\/index.php\/wp-json\/wp\/v2\/posts"}],"about":[{"href":"https:\/\/cdnoticias.com\/index.php\/wp-json\/wp\/v2\/types\/post"}],"author":[{"embeddable":true,"href":"https:\/\/cdnoticias.com\/index.php\/wp-json\/wp\/v2\/users\/4"}],"replies":[{"embeddable":true,"href":"https:\/\/cdnoticias.com\/index.php\/wp-json\/wp\/v2\/comments?post=73721"}],"version-history":[{"count":0,"href":"https:\/\/cdnoticias.com\/index.php\/wp-json\/wp\/v2\/posts\/73721\/revisions"}],"wp:featuredmedia":[{"embeddable":true,"href":"https:\/\/cdnoticias.com\/index.php\/wp-json\/wp\/v2\/media\/68703"}],"wp:attachment":[{"href":"https:\/\/cdnoticias.com\/index.php\/wp-json\/wp\/v2\/media?parent=73721"}],"wp:term":[{"taxonomy":"category","embeddable":true,"href":"https:\/\/cdnoticias.com\/index.php\/wp-json\/wp\/v2\/categories?post=73721"},{"taxonomy":"post_tag","embeddable":true,"href":"https:\/\/cdnoticias.com\/index.php\/wp-json\/wp\/v2\/tags?post=73721"}],"curies":[{"name":"wp","href":"https:\/\/api.w.org\/{rel}","templated":true}]}}