{"id":73708,"date":"2022-12-30T08:56:24","date_gmt":"2022-12-30T11:56:24","guid":{"rendered":"https:\/\/www.centraldenoticias.com.ar\/?p=73708"},"modified":"2022-12-30T09:04:48","modified_gmt":"2022-12-30T12:04:48","slug":"valicenti-el-eje-de-la-politica-de-vivienda-tiene-que-ser-central","status":"publish","type":"post","link":"https:\/\/cdnoticias.com\/index.php\/2022\/12\/30\/valicenti-el-eje-de-la-politica-de-vivienda-tiene-que-ser-central\/","title":{"rendered":"Valicenti: \u201cEl eje de la pol\u00edtica de vivienda tiene que ser central\u201d"},"content":{"rendered":"<p>Lo afirm\u00f3 en diputado provincial en el marco del brindis de fin de a\u00f1o realizado por el Frente de Todos. Destac\u00f3 los logros que se llevaron adelante como espacio pol\u00edtico y critic\u00f3 la falta de avance en la causa de la venta ilegal de terrenos.<!--more--><\/p>\n<hr \/>\n<p>El Frente de Todos de Olavarr\u00eda culmin\u00f3 el 2022 con un <strong>brindis en el club Mariano Moreno donde participaron m\u00e1s de 700 personas.<\/strong> Se destac\u00f3 todo el trabajo realizado durante el a\u00f1o y remarcaron la importancia de la unidad para trabajar en conjunto en lo que viene de cara al 2023.<\/p>\n<p>&nbsp;<\/p>\n<p>El<strong> presidente del bloque de diputados provinciales del Frente de Todos, C\u00e9sar Valicenti,<\/strong> remarc\u00f3: \u201cOlavarr\u00eda es una ciudad con caracter\u00edsticas distintivas, \u00fanicas y con un gran potencial. Si seguimos trabajando comprometidamente desde los organismos y en conjunto con las instituciones podemos lograr grandes transformaciones\u201d.<\/p>\n<p>&nbsp;<\/p>\n<p>Entre los aspectos en los cuales focaliz\u00f3 el diputado provincial, se encontr\u00f3 la cuesti\u00f3n habitacional. Valicenti <strong>destac\u00f3 el trabajo realizado en conjunto con los gremios CECO y AOMA<\/strong> e indic\u00f3 \u201cestamos demostrando que en Olavarr\u00eda se pueden construir viviendas. Estamos por llegar a la vivienda 30 construida por el barrio AOMA y vamos a construir 100 viviendas con Miguel Santell\u00e1n. El eje de la pol\u00edtica de vivienda en Olavarr\u00eda tiene que ser central\u201d.<\/p>\n<p>&nbsp;<\/p>\n<p>Asegur\u00f3 que \u201cno buscamos una confrontaci\u00f3n con la fuerza pol\u00edtica que hoy le toca gobernar el municipio. Simplemente les queremos transmitir que<strong> hacen falta cosas<\/strong> porque lo vemos todos los d\u00edas\u201d.<\/p>\n<p>&nbsp;<\/p>\n<p><img data-recalc-dims=\"1\" loading=\"lazy\" decoding=\"async\" class=\"aligncenter size-full wp-image-73710\" src=\"https:\/\/i0.wp.com\/cdnoticias.com\/wp-content\/uploads\/2022\/12\/WhatsApp-Image-2022-12-29-at-22.17.09.jpeg?resize=800%2C534&#038;ssl=1\" alt=\"\" width=\"800\" height=\"534\" srcset=\"https:\/\/i0.wp.com\/cdnoticias.com\/wp-content\/uploads\/2022\/12\/WhatsApp-Image-2022-12-29-at-22.17.09.jpeg?w=1600&amp;ssl=1 1600w, https:\/\/i0.wp.com\/cdnoticias.com\/wp-content\/uploads\/2022\/12\/WhatsApp-Image-2022-12-29-at-22.17.09.jpeg?resize=300%2C200&amp;ssl=1 300w, https:\/\/i0.wp.com\/cdnoticias.com\/wp-content\/uploads\/2022\/12\/WhatsApp-Image-2022-12-29-at-22.17.09.jpeg?resize=1024%2C684&amp;ssl=1 1024w, https:\/\/i0.wp.com\/cdnoticias.com\/wp-content\/uploads\/2022\/12\/WhatsApp-Image-2022-12-29-at-22.17.09.jpeg?resize=768%2C513&amp;ssl=1 768w, https:\/\/i0.wp.com\/cdnoticias.com\/wp-content\/uploads\/2022\/12\/WhatsApp-Image-2022-12-29-at-22.17.09.jpeg?resize=1536%2C1025&amp;ssl=1 1536w, https:\/\/i0.wp.com\/cdnoticias.com\/wp-content\/uploads\/2022\/12\/WhatsApp-Image-2022-12-29-at-22.17.09.jpeg?resize=272%2C182&amp;ssl=1 272w\" sizes=\"auto, (max-width: 800px) 100vw, 800px\" \/><\/p>\n<p>&nbsp;<\/p>\n<p>Acto seguido, se\u00f1al\u00f3 que \u201csi no fuera por el Frente de Todos, este a\u00f1o Olavarr\u00eda no ten\u00eda <strong>Feria del Libro,<\/strong> un hecho trascendental en la ciudad y que hab\u00eda sido historia e icono de la cultura en el centro de la provincia de Buenos Aires. Si no era por el FDT, Olavarr\u00eda se quedaba con <strong>14 casas prefabricadas de madera que terminaron siendo una estafa<\/strong> <strong>para toda la ciudad<\/strong> y la verdad que no le dieron respuesta a la gran demanda que hoy tiene la ciudad en t\u00e9rminos habitacionales\u201d.<\/p>\n<p>&nbsp;<\/p>\n<p>Y continu\u00f3: \u201csi no era por el Frente de Todos y una investigaci\u00f3n en el Concejo Deliberante, la ciudad no se enteraba que se cometi\u00f3 quiz\u00e1s el mayor delito de la historia de Olavarr\u00eda:<strong> se vendieron 100 terrenos privados, con escrituras truchas, con participaci\u00f3n de funcionarios, profesionales, escribanos, abogados.<\/strong> Un expediente que todav\u00eda no tiene ning\u00fan imputado ni ning\u00fan llamado a declarar\u201d.<\/p>\n<p>&nbsp;<\/p>\n<p><strong>Los participantes <\/strong><\/p>\n<p>&nbsp;<\/p>\n<p>El encuentro reuni\u00f3 a una gran cantidad de representantes de<strong> instituciones, organizaciones pol\u00edticas, sindicales, culturales y sociales<\/strong> de Olavarr\u00eda. A lo largo del evento se destac\u00f3 la consolidaci\u00f3n del trabajo cotidiano, la presencia en la ciudad y se puso en valor la gesti\u00f3n de los diferentes organismos del Estado nacional y provincial, como tambi\u00e9n la articulaci\u00f3n con todas las instituciones, clubes, las agremiaciones pymes y los sectores productivos de la ciudad.<\/p>\n<p>&nbsp;<\/p>\n<p>Del acto participaron, los <strong>concejales del interbloque del Frente de Todos<\/strong>, Maximiliano Wesner, Mercedes Land\u00edvar, Ubaldo Garc\u00eda, Juan S\u00e1nchez, In\u00e9s Creimer, Gast\u00f3n Sarachu, Natalia \u00c1lvarez y Telma Cazot; adem\u00e1s estuvieron presentes los consejeros escolares Leonardo Wagner, Mariana Mart\u00ednez, Ariel Rodr\u00edguez y Jorgelina Picchinini.<\/p>\n<p>&nbsp;<\/p>\n<p><img data-recalc-dims=\"1\" loading=\"lazy\" decoding=\"async\" class=\"aligncenter size-full wp-image-73709\" src=\"https:\/\/i0.wp.com\/cdnoticias.com\/wp-content\/uploads\/2022\/12\/WhatsApp-Image-2022-12-29-at-22.17.07.jpeg?resize=800%2C460&#038;ssl=1\" alt=\"\" width=\"800\" height=\"460\" srcset=\"https:\/\/i0.wp.com\/cdnoticias.com\/wp-content\/uploads\/2022\/12\/WhatsApp-Image-2022-12-29-at-22.17.07.jpeg?w=1600&amp;ssl=1 1600w, https:\/\/i0.wp.com\/cdnoticias.com\/wp-content\/uploads\/2022\/12\/WhatsApp-Image-2022-12-29-at-22.17.07.jpeg?resize=300%2C173&amp;ssl=1 300w, https:\/\/i0.wp.com\/cdnoticias.com\/wp-content\/uploads\/2022\/12\/WhatsApp-Image-2022-12-29-at-22.17.07.jpeg?resize=1024%2C589&amp;ssl=1 1024w, https:\/\/i0.wp.com\/cdnoticias.com\/wp-content\/uploads\/2022\/12\/WhatsApp-Image-2022-12-29-at-22.17.07.jpeg?resize=768%2C442&amp;ssl=1 768w, https:\/\/i0.wp.com\/cdnoticias.com\/wp-content\/uploads\/2022\/12\/WhatsApp-Image-2022-12-29-at-22.17.07.jpeg?resize=1536%2C883&amp;ssl=1 1536w\" sizes=\"auto, (max-width: 800px) 100vw, 800px\" \/><\/p>\n<p>&nbsp;<\/p>\n<p>Al mismo tiempo, el acto tuvo la participaci\u00f3n de <strong>funcionarios provinciales y referentes locales<\/strong> como el subsecretario de Miner\u00eda y Presidente del PJ de Olavarr\u00eda, Federico Aguilera; el director provincial de Poblaci\u00f3n, Guillermo Santell\u00e1n; el Gerente de Relaciones Institucionales de AUBASA, Eduardo Rodr\u00edguez; la Consejera Provincial del PJ de la Provincia de Buenos Aires, Liliana Schwindt; el titular de la Regi\u00f3n Sanitaria IX, Ramiro Borzi; y la directora regional del Ministerio de las Mujeres, Genero y Diversidad, Hosanna Cazola.<\/p>\n<p>&nbsp;<\/p>\n<p>Cabe destacar que el encuentro de cierre de a\u00f1o del Frente de Todos logr\u00f3 reunir a una gran cantidad de <strong>organizaciones pol\u00edticas, sociales y sindicales<\/strong> de la ciudad entre las que se destacan el Partido Justicialista de Olavarr\u00eda, Movimiento Evita, Foro Olavarr\u00eda, La C\u00e1mpora, Partido Solidario, COPEBO, Movimiento Mayo, La Corriente, Proyecto Peronista, Unidad Popular, Proyecto Lara y Nuestra Am\u00e9rica.<\/p>\n","protected":false},"excerpt":{"rendered":"<p>Lo afirm\u00f3 en diputado provincial en el marco del brindis de fin de a\u00f1o realizado por el Frente de Todos.<\/p>\n","protected":false},"author":5,"featured_media":73711,"comment_status":"closed","ping_status":"closed","sticky":false,"template":"","format":"standard","meta":{"_jetpack_memberships_contains_paid_content":false,"footnotes":""},"categories":[4,1],"tags":[],"class_list":["post-73708","post","type-post","status-publish","format-standard","has-post-thumbnail","hentry","category-politica","category-portada"],"jetpack_featured_media_url":"https:\/\/i0.wp.com\/cdnoticias.com\/wp-content\/uploads\/2022\/12\/WhatsApp-Image-2022-12-29-at-22.17.10.jpeg?fit=1600%2C1068&ssl=1","jetpack_sharing_enabled":true,"_links":{"self":[{"href":"https:\/\/cdnoticias.com\/index.php\/wp-json\/wp\/v2\/posts\/73708","targetHints":{"allow":["GET"]}}],"collection":[{"href":"https:\/\/cdnoticias.com\/index.php\/wp-json\/wp\/v2\/posts"}],"about":[{"href":"https:\/\/cdnoticias.com\/index.php\/wp-json\/wp\/v2\/types\/post"}],"author":[{"embeddable":true,"href":"https:\/\/cdnoticias.com\/index.php\/wp-json\/wp\/v2\/users\/5"}],"replies":[{"embeddable":true,"href":"https:\/\/cdnoticias.com\/index.php\/wp-json\/wp\/v2\/comments?post=73708"}],"version-history":[{"count":0,"href":"https:\/\/cdnoticias.com\/index.php\/wp-json\/wp\/v2\/posts\/73708\/revisions"}],"wp:featuredmedia":[{"embeddable":true,"href":"https:\/\/cdnoticias.com\/index.php\/wp-json\/wp\/v2\/media\/73711"}],"wp:attachment":[{"href":"https:\/\/cdnoticias.com\/index.php\/wp-json\/wp\/v2\/media?parent=73708"}],"wp:term":[{"taxonomy":"category","embeddable":true,"href":"https:\/\/cdnoticias.com\/index.php\/wp-json\/wp\/v2\/categories?post=73708"},{"taxonomy":"post_tag","embeddable":true,"href":"https:\/\/cdnoticias.com\/index.php\/wp-json\/wp\/v2\/tags?post=73708"}],"curies":[{"name":"wp","href":"https:\/\/api.w.org\/{rel}","templated":true}]}}