{"id":7366,"date":"2020-11-24T19:11:12","date_gmt":"2020-11-24T22:11:12","guid":{"rendered":"http:\/\/www.centraldenoticias.com.ar\/?p=7366"},"modified":"2020-11-24T20:22:53","modified_gmt":"2020-11-24T23:22:53","slug":"covid-19-hubo-34-casos-positivos-y-se-descartaron-71-muestras","status":"publish","type":"post","link":"https:\/\/cdnoticias.com\/index.php\/2020\/11\/24\/covid-19-hubo-34-casos-positivos-y-se-descartaron-71-muestras\/","title":{"rendered":"Covid-19: hubo 34 casos positivos y se descartaron 71 muestras"},"content":{"rendered":"<p>&nbsp;<\/p>\n<p>Del total de positivos, 13 corresponden al Programa RTA. Respecto a la situaci\u00f3n hospitalaria se indic\u00f3 que 6 personas se encuentran en UTI y 15 en Cl\u00ednica Covid.<!--more--><\/p>\n<hr \/>\n<p>En el reporte sanitario de este martes, emitido por la Secretar\u00eda de Salud del Municipio,<strong> 34 personas fueron diagnosticadas con Covid-19 positivo, mientras que 71 muestras fueron descartadas ya que resultaron negativas.<\/strong><\/p>\n<p>&nbsp;<\/p>\n<p>Tambi\u00e9n se inform\u00f3 que <strong>25 personas recibieron el alta m\u00e9dica<\/strong>, siendo a la fecha m\u00e1s de 4200 las curadas en total.<\/p>\n<p>&nbsp;<\/p>\n<p><img data-recalc-dims=\"1\" loading=\"lazy\" decoding=\"async\" class=\"alignnone size-large wp-image-7368\" src=\"https:\/\/i0.wp.com\/cdnoticias.com\/wp-content\/uploads\/2020\/11\/WhatsApp-Image-2020-11-24-at-19.05.13-1.jpeg?resize=800%2C800&#038;ssl=1\" alt=\"\" width=\"800\" height=\"800\" srcset=\"https:\/\/i0.wp.com\/cdnoticias.com\/wp-content\/uploads\/2020\/11\/WhatsApp-Image-2020-11-24-at-19.05.13-1.jpeg?resize=1024%2C1024&amp;ssl=1 1024w, https:\/\/i0.wp.com\/cdnoticias.com\/wp-content\/uploads\/2020\/11\/WhatsApp-Image-2020-11-24-at-19.05.13-1.jpeg?resize=150%2C150&amp;ssl=1 150w, https:\/\/i0.wp.com\/cdnoticias.com\/wp-content\/uploads\/2020\/11\/WhatsApp-Image-2020-11-24-at-19.05.13-1.jpeg?resize=300%2C300&amp;ssl=1 300w, https:\/\/i0.wp.com\/cdnoticias.com\/wp-content\/uploads\/2020\/11\/WhatsApp-Image-2020-11-24-at-19.05.13-1.jpeg?resize=768%2C767&amp;ssl=1 768w, https:\/\/i0.wp.com\/cdnoticias.com\/wp-content\/uploads\/2020\/11\/WhatsApp-Image-2020-11-24-at-19.05.13-1.jpeg?w=1280&amp;ssl=1 1280w\" sizes=\"auto, (max-width: 800px) 100vw, 800px\" \/><\/p>\n<p>&nbsp;<\/p>\n<p>Asimismo, se indic\u00f3 que de los testeos realizados este martes por el <strong>Programa RTA<\/strong> (Rastrear \u2013 Testear \u2013 Aislar) en el Servicio Territorial Municipal N\u00b06, <strong>13 resultaron positivos y 22 negativos.<\/strong><\/p>\n<p>&nbsp;<\/p>\n<blockquote><p>En la actualidad, son 148 las personas que transitan la enfermedad en Olavarr\u00eda. El 83% son menores de 60 a\u00f1os.<\/p><\/blockquote>\n<p>&nbsp;<\/p>\n<p><img data-recalc-dims=\"1\" loading=\"lazy\" decoding=\"async\" class=\"alignnone size-large wp-image-7369\" src=\"https:\/\/i0.wp.com\/cdnoticias.com\/wp-content\/uploads\/2020\/11\/WhatsApp-Image-2020-11-24-at-19.05.13.jpeg?resize=800%2C800&#038;ssl=1\" alt=\"\" width=\"800\" height=\"800\" srcset=\"https:\/\/i0.wp.com\/cdnoticias.com\/wp-content\/uploads\/2020\/11\/WhatsApp-Image-2020-11-24-at-19.05.13.jpeg?resize=1024%2C1024&amp;ssl=1 1024w, https:\/\/i0.wp.com\/cdnoticias.com\/wp-content\/uploads\/2020\/11\/WhatsApp-Image-2020-11-24-at-19.05.13.jpeg?resize=150%2C150&amp;ssl=1 150w, https:\/\/i0.wp.com\/cdnoticias.com\/wp-content\/uploads\/2020\/11\/WhatsApp-Image-2020-11-24-at-19.05.13.jpeg?resize=300%2C300&amp;ssl=1 300w, https:\/\/i0.wp.com\/cdnoticias.com\/wp-content\/uploads\/2020\/11\/WhatsApp-Image-2020-11-24-at-19.05.13.jpeg?resize=768%2C768&amp;ssl=1 768w, https:\/\/i0.wp.com\/cdnoticias.com\/wp-content\/uploads\/2020\/11\/WhatsApp-Image-2020-11-24-at-19.05.13.jpeg?w=1280&amp;ssl=1 1280w\" sizes=\"auto, (max-width: 800px) 100vw, 800px\" \/><\/p>\n<p>&nbsp;<\/p>\n<p>Por otra parte, desde la cartera sanitaria se indic\u00f3 que respecto de la ocupaci\u00f3n hospitalaria, <strong>6 pacientes se encuentran en la Unidad de Terapia Intensiva y 15 lo hacen en Cl\u00ednica Covid.<\/strong><\/p>\n","protected":false},"excerpt":{"rendered":"<p>&nbsp; Del total de positivos, 13 corresponden al Programa RTA. Respecto a la situaci\u00f3n hospitalaria se indic\u00f3 que 6 personas<\/p>\n","protected":false},"author":5,"featured_media":6378,"comment_status":"closed","ping_status":"closed","sticky":false,"template":"","format":"standard","meta":{"_jetpack_memberships_contains_paid_content":false,"footnotes":""},"categories":[5,1],"tags":[],"class_list":["post-7366","post","type-post","status-publish","format-standard","has-post-thumbnail","hentry","category-informacion-general","category-portada"],"jetpack_featured_media_url":"https:\/\/i0.wp.com\/cdnoticias.com\/wp-content\/uploads\/2020\/11\/Salud-testeos-intensivos-Sierras-Bayas-1024x683.jpg?fit=1024%2C683&ssl=1","jetpack_sharing_enabled":true,"_links":{"self":[{"href":"https:\/\/cdnoticias.com\/index.php\/wp-json\/wp\/v2\/posts\/7366","targetHints":{"allow":["GET"]}}],"collection":[{"href":"https:\/\/cdnoticias.com\/index.php\/wp-json\/wp\/v2\/posts"}],"about":[{"href":"https:\/\/cdnoticias.com\/index.php\/wp-json\/wp\/v2\/types\/post"}],"author":[{"embeddable":true,"href":"https:\/\/cdnoticias.com\/index.php\/wp-json\/wp\/v2\/users\/5"}],"replies":[{"embeddable":true,"href":"https:\/\/cdnoticias.com\/index.php\/wp-json\/wp\/v2\/comments?post=7366"}],"version-history":[{"count":0,"href":"https:\/\/cdnoticias.com\/index.php\/wp-json\/wp\/v2\/posts\/7366\/revisions"}],"wp:featuredmedia":[{"embeddable":true,"href":"https:\/\/cdnoticias.com\/index.php\/wp-json\/wp\/v2\/media\/6378"}],"wp:attachment":[{"href":"https:\/\/cdnoticias.com\/index.php\/wp-json\/wp\/v2\/media?parent=7366"}],"wp:term":[{"taxonomy":"category","embeddable":true,"href":"https:\/\/cdnoticias.com\/index.php\/wp-json\/wp\/v2\/categories?post=7366"},{"taxonomy":"post_tag","embeddable":true,"href":"https:\/\/cdnoticias.com\/index.php\/wp-json\/wp\/v2\/tags?post=7366"}],"curies":[{"name":"wp","href":"https:\/\/api.w.org\/{rel}","templated":true}]}}