{"id":73643,"date":"2022-12-29T16:37:15","date_gmt":"2022-12-29T19:37:15","guid":{"rendered":"https:\/\/www.centraldenoticias.com.ar\/?p=73643"},"modified":"2022-12-29T21:08:07","modified_gmt":"2022-12-30T00:08:07","slug":"habilitan-a-circular-con-la-vtv-vencida-pero-con-turno-asignado-para-renovarla","status":"publish","type":"post","link":"https:\/\/cdnoticias.com\/index.php\/2022\/12\/29\/habilitan-a-circular-con-la-vtv-vencida-pero-con-turno-asignado-para-renovarla\/","title":{"rendered":"Habilitan a circular con la VTV vencida, pero con turno asignado para renovarla"},"content":{"rendered":"<p>La medida se oficializar\u00e1 en las pr\u00f3ximas horas en la Provincia. No regir\u00e1 para los veh\u00edculos que tengan vencido el permiso desde hace meses.<!--more--><\/p>\n<hr \/>\n<p>El Gobierno provincial habilitar\u00e1 que los conductores puedan circular por rutas bonaerenses<strong> con la Verificaci\u00f3n T\u00e9cnica Vehicular (VTV) vencida, siempre y cuando tengan un turno asignado para renovarla previo al vencimiento.<\/strong><\/p>\n<p>&nbsp;<\/p>\n<p>La medida, de<strong> car\u00e1cter excepcional<\/strong>, ser\u00e1 oficializada en las pr\u00f3ximas horas, y <strong>se tom\u00f3 de cara a la temporada de verano por el colapso en los centros de atenci\u00f3n.<\/strong><\/p>\n<p>&nbsp;<\/p>\n<p>Seg\u00fan informaron a DIB fuentes del Ministerio de Transporte bonaerense, la resoluci\u00f3n que oficializa la medida ya est\u00e1 lista y <strong>los agentes de tr\u00e1nsito ya fueron notificados sobre esa decisi\u00f3n administrativa.<\/strong><\/p>\n<p>&nbsp;<\/p>\n<p>La medida responde a las quejas de los usuarios porque las <strong>60 plantas de verificaci\u00f3n t\u00e9cnica<\/strong> que hay en la provincia est\u00e1n desbordadas ante el comienzo de la temporada.<\/p>\n<p>&nbsp;<\/p>\n<p>Adem\u00e1s, <strong>se suma un cambio en el sistema de vencimientos que comenz\u00f3 a regir en noviembre pasado<\/strong>. Cabe recordar que desde entonces,<a href=\"https:\/\/cdnoticias.com\/index.php\/2022\/01\/01\/a-tener-en-cuenta-ya-rige-el-nuevo-sistema-de-vencimiento-de-la-vtv\/\" target=\"_blank\" rel=\"noopener\"> la renovaci\u00f3n es seg\u00fan el n\u00famero de patente<\/a>: las terminadas en uno renovaron en noviembre; en dos, ser\u00e1 en febrero; en tres, en marzo; en cuatro, en abril; en cinco, en mayo; en seis, en junio; en siete, en julio; en ocho, en agosto; en nueve, en septiembre, y en cero, en octubre.<\/p>\n<p>&nbsp;<\/p>\n<p>El objetivo de ese cambio es evitar precisamente que se formen largas filas de autos para realizar la VTV en los meses de receso o temporada alta.<\/p>\n<p>&nbsp;<\/p>\n<p>Por otro lado, <a href=\"https:\/\/cdnoticias.com\/index.php\/2022\/09\/30\/se-podra-circular-con-licencia-vencida-acreditando-turno-de-renovacion\/\" target=\"_blank\" rel=\"noopener\">cabe recordar que <\/a><strong>hasta el 31 de enero de 2023 se mantiene en vigencia la decisi\u00f3n del gobierno provincial de permitir la circulaci\u00f3n con licencia vencida<\/strong> para quienes acrediten tener un turno para la renovaci\u00f3n, cambio de datos o duplicado de una Licencia Nacional de Conducir.<\/p>\n<p>&nbsp;<\/p>\n<p>Fuente: <em>Agencia DIB<\/em><\/p>\n<p>&nbsp;<\/p>\n","protected":false},"excerpt":{"rendered":"<p>La medida se oficializar\u00e1 en las pr\u00f3ximas horas en la Provincia. No regir\u00e1 para los veh\u00edculos que tengan vencido el<\/p>\n","protected":false},"author":4,"featured_media":73644,"comment_status":"closed","ping_status":"closed","sticky":false,"template":"","format":"standard","meta":{"_jetpack_memberships_contains_paid_content":false,"footnotes":""},"categories":[6,1],"tags":[],"class_list":["post-73643","post","type-post","status-publish","format-standard","has-post-thumbnail","hentry","category-nacionales","category-portada"],"jetpack_featured_media_url":"https:\/\/i0.wp.com\/cdnoticias.com\/wp-content\/uploads\/2022\/12\/DIB-VTV.jpg?fit=800%2C445&ssl=1","jetpack_sharing_enabled":true,"_links":{"self":[{"href":"https:\/\/cdnoticias.com\/index.php\/wp-json\/wp\/v2\/posts\/73643","targetHints":{"allow":["GET"]}}],"collection":[{"href":"https:\/\/cdnoticias.com\/index.php\/wp-json\/wp\/v2\/posts"}],"about":[{"href":"https:\/\/cdnoticias.com\/index.php\/wp-json\/wp\/v2\/types\/post"}],"author":[{"embeddable":true,"href":"https:\/\/cdnoticias.com\/index.php\/wp-json\/wp\/v2\/users\/4"}],"replies":[{"embeddable":true,"href":"https:\/\/cdnoticias.com\/index.php\/wp-json\/wp\/v2\/comments?post=73643"}],"version-history":[{"count":0,"href":"https:\/\/cdnoticias.com\/index.php\/wp-json\/wp\/v2\/posts\/73643\/revisions"}],"wp:featuredmedia":[{"embeddable":true,"href":"https:\/\/cdnoticias.com\/index.php\/wp-json\/wp\/v2\/media\/73644"}],"wp:attachment":[{"href":"https:\/\/cdnoticias.com\/index.php\/wp-json\/wp\/v2\/media?parent=73643"}],"wp:term":[{"taxonomy":"category","embeddable":true,"href":"https:\/\/cdnoticias.com\/index.php\/wp-json\/wp\/v2\/categories?post=73643"},{"taxonomy":"post_tag","embeddable":true,"href":"https:\/\/cdnoticias.com\/index.php\/wp-json\/wp\/v2\/tags?post=73643"}],"curies":[{"name":"wp","href":"https:\/\/api.w.org\/{rel}","templated":true}]}}