{"id":73634,"date":"2022-12-29T09:04:56","date_gmt":"2022-12-29T12:04:56","guid":{"rendered":"https:\/\/www.centraldenoticias.com.ar\/?p=73634"},"modified":"2022-12-29T09:04:56","modified_gmt":"2022-12-29T12:04:56","slug":"maria-catalina-di-carlo-castilla-viuda-de-recofsky-q-e-p-d","status":"publish","type":"post","link":"https:\/\/cdnoticias.com\/index.php\/2022\/12\/29\/maria-catalina-di-carlo-castilla-viuda-de-recofsky-q-e-p-d\/","title":{"rendered":"Mar\u00eda Catalina Di Carlo Castilla viuda de Recofsky (Q.E.P.D.)"},"content":{"rendered":"<p>Falleci\u00f3 en Olavarr\u00eda el 29 de diciembre de 2022 a los 96 a\u00f1os de edad. Su hijo Roberto Recofsky. Su hija pol\u00edtica Mar\u00eda Hebe Brienzo. Su nieta Marianela Recofsky. Su nieto pol\u00edtico Carlos Saloi\u00f1a. Su bisnieto Camilo Saloi\u00f1a Recofsky y dem\u00e1s deudos participan su fallecimiento.<\/p>\n<p>&nbsp;<\/p>\n<p>Sus restos ser\u00e1n velados en Sala velatoria de Sierras Bayas, M. Smirnoff 2663 departamento &#8220;A&#8221;, y ser\u00e1n inhumados en el Cementerio Municipal de Sierras Bayas, este jueves a las 12:30, previo responso en la capilla ardiente. Servicio adherido a Coopelectric. Vecina de Sierras Bayas. Jubilada y Pensionada.<\/p>\n","protected":false},"excerpt":{"rendered":"<p>Falleci\u00f3 en Olavarr\u00eda el 29 de diciembre de 2022 a los 96 a\u00f1os de edad. Su hijo Roberto Recofsky. Su<\/p>\n","protected":false},"author":5,"featured_media":67646,"comment_status":"closed","ping_status":"closed","sticky":false,"template":"","format":"standard","meta":{"_jetpack_memberships_contains_paid_content":false,"footnotes":""},"categories":[10],"tags":[],"class_list":["post-73634","post","type-post","status-publish","format-standard","has-post-thumbnail","hentry","category-necrologicas"],"jetpack_featured_media_url":"https:\/\/i0.wp.com\/cdnoticias.com\/wp-content\/uploads\/2022\/10\/necrologicas-390-x-240.jpg?fit=390%2C240&ssl=1","jetpack_sharing_enabled":true,"_links":{"self":[{"href":"https:\/\/cdnoticias.com\/index.php\/wp-json\/wp\/v2\/posts\/73634","targetHints":{"allow":["GET"]}}],"collection":[{"href":"https:\/\/cdnoticias.com\/index.php\/wp-json\/wp\/v2\/posts"}],"about":[{"href":"https:\/\/cdnoticias.com\/index.php\/wp-json\/wp\/v2\/types\/post"}],"author":[{"embeddable":true,"href":"https:\/\/cdnoticias.com\/index.php\/wp-json\/wp\/v2\/users\/5"}],"replies":[{"embeddable":true,"href":"https:\/\/cdnoticias.com\/index.php\/wp-json\/wp\/v2\/comments?post=73634"}],"version-history":[{"count":0,"href":"https:\/\/cdnoticias.com\/index.php\/wp-json\/wp\/v2\/posts\/73634\/revisions"}],"wp:featuredmedia":[{"embeddable":true,"href":"https:\/\/cdnoticias.com\/index.php\/wp-json\/wp\/v2\/media\/67646"}],"wp:attachment":[{"href":"https:\/\/cdnoticias.com\/index.php\/wp-json\/wp\/v2\/media?parent=73634"}],"wp:term":[{"taxonomy":"category","embeddable":true,"href":"https:\/\/cdnoticias.com\/index.php\/wp-json\/wp\/v2\/categories?post=73634"},{"taxonomy":"post_tag","embeddable":true,"href":"https:\/\/cdnoticias.com\/index.php\/wp-json\/wp\/v2\/tags?post=73634"}],"curies":[{"name":"wp","href":"https:\/\/api.w.org\/{rel}","templated":true}]}}