{"id":73617,"date":"2022-12-29T08:40:15","date_gmt":"2022-12-29T11:40:15","guid":{"rendered":"https:\/\/www.centraldenoticias.com.ar\/?p=73617"},"modified":"2022-12-29T12:19:04","modified_gmt":"2022-12-29T15:19:04","slug":"fallecio-el-motociclista-accidentado-en-barrio-pym","status":"publish","type":"post","link":"https:\/\/cdnoticias.com\/index.php\/2022\/12\/29\/fallecio-el-motociclista-accidentado-en-barrio-pym\/","title":{"rendered":"Falleci\u00f3 el motociclista accidentado en barrio PyM"},"content":{"rendered":"<p>El joven hab\u00eda resultado gravemente herido en un accidente ocurrido el mi\u00e9rcoles en avenida Sarmiento entre Berutti y Chiclana.<!--more--><\/p>\n<hr \/>\n<p>Un joven de 30 a\u00f1os falleci\u00f3 a ra\u00edz de las heridas recibidas en un<a href=\"https:\/\/cdnoticias.com\/index.php\/2022\/12\/28\/fuerte-choque-en-barrio-pym-un-motociclista-con-heridad-de-gravedad\/\" target=\"_blank\" rel=\"noopener\"> violento accidente<\/a> que se produjo durante la tarde del mi\u00e9rcoles en barrio PyM, espec\u00edficamente en avenida Sarmiento entre Berutti y Chiclana.<\/p>\n<p>&nbsp;<\/p>\n<p>El hecho involucr\u00f3 a un <strong>auto Peugeot 206 y una moto 110cc.<\/strong> El motociclista fue trasladado por una ambulancia del SAME al Hospital Municipal con heridas graves y <strong>falleci\u00f3 horas despu\u00e9s en el mismo centro de salud.<\/strong><\/p>\n<p>&nbsp;<\/p>\n<p>El joven fue identificado como<strong> Mat\u00edas Ezequiel Disisto de 30 a\u00f1os.<\/strong> Interviene en el hecho la UFI N\u00b0 4 a cargo de la doctora Mar\u00eda Paula Serrano.<\/p>\n<p>&nbsp;<\/p>\n<blockquote class=\"wp-embedded-content\" data-secret=\"3gqKMUIACJ\"><p><a href=\"https:\/\/cdnoticias.com\/index.php\/2022\/12\/28\/fuerte-choque-en-barrio-pym-un-motociclista-con-heridad-de-gravedad\/\">Fuerte choque en barrio PyM: un motociclista con heridas de gravedad<\/a><\/p><\/blockquote>\n<p><iframe loading=\"lazy\" class=\"wp-embedded-content\" sandbox=\"allow-scripts\" security=\"restricted\" style=\"position: absolute; clip: rect(1px, 1px, 1px, 1px);\" title=\"&#8220;Fuerte choque en barrio PyM: un motociclista con heridas de gravedad&#8221; &#8212; Central de Noticias | Olavarr\u00eda\" src=\"https:\/\/cdnoticias.com\/index.php\/2022\/12\/28\/fuerte-choque-en-barrio-pym-un-motociclista-con-heridad-de-gravedad\/embed\/#?secret=Hrkf6Tsqnj#?secret=3gqKMUIACJ\" data-secret=\"3gqKMUIACJ\" width=\"600\" height=\"338\" frameborder=\"0\" marginwidth=\"0\" marginheight=\"0\" scrolling=\"no\"><\/iframe><\/p>\n","protected":false},"excerpt":{"rendered":"<p>El joven hab\u00eda resultado gravemente herido en un accidente ocurrido el mi\u00e9rcoles en avenida Sarmiento entre Berutti y Chiclana.<\/p>\n","protected":false},"author":5,"featured_media":73608,"comment_status":"closed","ping_status":"closed","sticky":false,"template":"","format":"standard","meta":{"_jetpack_memberships_contains_paid_content":false,"footnotes":""},"categories":[14,1],"tags":[],"class_list":["post-73617","post","type-post","status-publish","format-standard","has-post-thumbnail","hentry","category-policiales","category-portada"],"jetpack_featured_media_url":"https:\/\/i0.wp.com\/cdnoticias.com\/wp-content\/uploads\/2022\/12\/WhatsApp-Image-2022-12-28-at-19.39.47-1.jpeg?fit=1600%2C1197&ssl=1","jetpack_sharing_enabled":true,"_links":{"self":[{"href":"https:\/\/cdnoticias.com\/index.php\/wp-json\/wp\/v2\/posts\/73617","targetHints":{"allow":["GET"]}}],"collection":[{"href":"https:\/\/cdnoticias.com\/index.php\/wp-json\/wp\/v2\/posts"}],"about":[{"href":"https:\/\/cdnoticias.com\/index.php\/wp-json\/wp\/v2\/types\/post"}],"author":[{"embeddable":true,"href":"https:\/\/cdnoticias.com\/index.php\/wp-json\/wp\/v2\/users\/5"}],"replies":[{"embeddable":true,"href":"https:\/\/cdnoticias.com\/index.php\/wp-json\/wp\/v2\/comments?post=73617"}],"version-history":[{"count":0,"href":"https:\/\/cdnoticias.com\/index.php\/wp-json\/wp\/v2\/posts\/73617\/revisions"}],"wp:featuredmedia":[{"embeddable":true,"href":"https:\/\/cdnoticias.com\/index.php\/wp-json\/wp\/v2\/media\/73608"}],"wp:attachment":[{"href":"https:\/\/cdnoticias.com\/index.php\/wp-json\/wp\/v2\/media?parent=73617"}],"wp:term":[{"taxonomy":"category","embeddable":true,"href":"https:\/\/cdnoticias.com\/index.php\/wp-json\/wp\/v2\/categories?post=73617"},{"taxonomy":"post_tag","embeddable":true,"href":"https:\/\/cdnoticias.com\/index.php\/wp-json\/wp\/v2\/tags?post=73617"}],"curies":[{"name":"wp","href":"https:\/\/api.w.org\/{rel}","templated":true}]}}