{"id":7360,"date":"2020-11-24T18:48:03","date_gmt":"2020-11-24T21:48:03","guid":{"rendered":"http:\/\/www.centraldenoticias.com.ar\/?p=7360"},"modified":"2020-11-24T19:06:15","modified_gmt":"2020-11-24T22:06:15","slug":"di-carlo-para-la-gestion-kicillof-la-vuelta-a-clases-no-tiene-importancia","status":"publish","type":"post","link":"https:\/\/cdnoticias.com\/index.php\/2020\/11\/24\/di-carlo-para-la-gestion-kicillof-la-vuelta-a-clases-no-tiene-importancia\/","title":{"rendered":"Di Carlo: \u201cPara la gesti\u00f3n Kicillof la vuelta a clases no tiene importancia\u201d"},"content":{"rendered":"<p>&nbsp;<\/p>\n<p>El presidente del Consejo Escolar Bruno Di Carlo se refiri\u00f3 &#8220;a la incertidumbre que hay en torno a la educaci\u00f3n&#8221;.<!--more--><\/p>\n<hr \/>\n<p>En la ma\u00f1ana de este martes el bloque de consejeros escolares de Juntos por el Cambio expres\u00f3 la<strong> preocupaci\u00f3n &#8220;por la incertidumbre de la vuelta a clases de los alumnos del Partido de Olavarr\u00eda&#8221;.<\/strong><\/p>\n<p>&nbsp;<\/p>\n<p>En este sentido, el <strong>presidente del Consejo Escolar de Olavarr\u00eda Bruno Di Carlo<\/strong> indic\u00f3 que existe en la comunidad <em>\u201cuna gran incertidumbre por la falta de planificaci\u00f3n del Gobierno Provincial para llevar a cabo la vuelta a clases de los alumnos olavarrienses\u201d<\/em>.<\/p>\n<p>&nbsp;<\/p>\n<p>Asimismo, Di Carlo se\u00f1al\u00f3 que <em>\u201ctodas las familias han hecho un gran esfuerzo durante este a\u00f1o y no han obtenido la misma respuesta de parte de las autoridades del Ministerio de Educaci\u00f3n bonaerense\u201d.<\/em><\/p>\n<p>&nbsp;<\/p>\n<p><em>\u201cCreemos que fue un buen plan paliativo el tema de la vinculaci\u00f3n virtual, pero deber\u00eda haber durado un tiempo entendible y considerable, y <strong>puso claramente en evidencia las diferencias sociales que vulneran los derechos de los argentinos, en el acceso a la educaci\u00f3n y provocando un deterioro no solamente en el \u00e1mbito pedag\u00f3gico<\/strong>, sino tambi\u00e9n causando da\u00f1os tanto a la salud mental como f\u00edsicas de los estudiantes\u201d<\/em>, agreg\u00f3.<\/p>\n<p>&nbsp;<\/p>\n<p>Adem\u00e1s, el titular del cuerpo de consejeros escolares de Olavarr\u00eda se refiri\u00f3 a la actitud del gobierno de Axel Kicillof con los gremios docentes y expres\u00f3: <em>\u201c<strong>la gesti\u00f3n educativa provincial deber\u00eda haber elaborado un plan de vuelta a clases y despu\u00e9s comunicarles a los gremios.<\/strong> Pero sucedi\u00f3 todo lo contrario y los alumnos terminaron siendo rehenes de las decisiones que tom\u00f3 la burocracia sindical alineada al gobierno provincial\u201d.<\/em><\/p>\n<p>&nbsp;<\/p>\n<p>Finalmente, el propio Bruno Di Carlo explic\u00f3: <em>\u201cen nuestra ciudad contamos con 202 establecimientos educativos (instituciones y oficinas educativas) y<strong> hasta el momento recibimos solo 18 term\u00f3metros enviados por el Gobierno de la Provincia de Buenos Aires<\/strong>, que solo van a ser utilizadas por ciertas escuelas primarias y secundarias\u201d.<\/em><\/p>\n<p>&nbsp;<\/p>\n<p><em>\u201cCon el env\u00edo de estos recursos qued\u00f3 evidenciado que <strong>los recursos son muy escasos<\/strong>, que no se contempl\u00f3 la educaci\u00f3n inicial ni especial y que para la gesti\u00f3n Kicillof la vuelta a la presencialidad no tiene importancia\u201d<\/em>, concluy\u00f3.<\/p>\n","protected":false},"excerpt":{"rendered":"<p>&nbsp; El presidente del Consejo Escolar Bruno Di Carlo se refiri\u00f3 &#8220;a la incertidumbre que hay en torno a la<\/p>\n","protected":false},"author":5,"featured_media":7361,"comment_status":"closed","ping_status":"closed","sticky":false,"template":"","format":"standard","meta":{"_jetpack_memberships_contains_paid_content":false,"footnotes":""},"categories":[4,1],"tags":[],"class_list":["post-7360","post","type-post","status-publish","format-standard","has-post-thumbnail","hentry","category-politica","category-portada"],"jetpack_featured_media_url":"https:\/\/i0.wp.com\/cdnoticias.com\/wp-content\/uploads\/2020\/11\/Consejeros.jpeg?fit=1280%2C855&ssl=1","jetpack_sharing_enabled":true,"_links":{"self":[{"href":"https:\/\/cdnoticias.com\/index.php\/wp-json\/wp\/v2\/posts\/7360","targetHints":{"allow":["GET"]}}],"collection":[{"href":"https:\/\/cdnoticias.com\/index.php\/wp-json\/wp\/v2\/posts"}],"about":[{"href":"https:\/\/cdnoticias.com\/index.php\/wp-json\/wp\/v2\/types\/post"}],"author":[{"embeddable":true,"href":"https:\/\/cdnoticias.com\/index.php\/wp-json\/wp\/v2\/users\/5"}],"replies":[{"embeddable":true,"href":"https:\/\/cdnoticias.com\/index.php\/wp-json\/wp\/v2\/comments?post=7360"}],"version-history":[{"count":0,"href":"https:\/\/cdnoticias.com\/index.php\/wp-json\/wp\/v2\/posts\/7360\/revisions"}],"wp:featuredmedia":[{"embeddable":true,"href":"https:\/\/cdnoticias.com\/index.php\/wp-json\/wp\/v2\/media\/7361"}],"wp:attachment":[{"href":"https:\/\/cdnoticias.com\/index.php\/wp-json\/wp\/v2\/media?parent=7360"}],"wp:term":[{"taxonomy":"category","embeddable":true,"href":"https:\/\/cdnoticias.com\/index.php\/wp-json\/wp\/v2\/categories?post=7360"},{"taxonomy":"post_tag","embeddable":true,"href":"https:\/\/cdnoticias.com\/index.php\/wp-json\/wp\/v2\/tags?post=7360"}],"curies":[{"name":"wp","href":"https:\/\/api.w.org\/{rel}","templated":true}]}}