{"id":73536,"date":"2022-12-28T09:49:32","date_gmt":"2022-12-28T12:49:32","guid":{"rendered":"https:\/\/www.centraldenoticias.com.ar\/?p=73536"},"modified":"2022-12-28T11:16:27","modified_gmt":"2022-12-28T14:16:27","slug":"renuevan-la-restriccion-de-circulacion-de-camiones-en-fines-de-semana-largos-y-vacaciones","status":"publish","type":"post","link":"https:\/\/cdnoticias.com\/index.php\/2022\/12\/28\/renuevan-la-restriccion-de-circulacion-de-camiones-en-fines-de-semana-largos-y-vacaciones\/","title":{"rendered":"Renuevan la restricci\u00f3n de circulaci\u00f3n de camiones en fines de semana largos y vacaciones"},"content":{"rendered":"<p>El objetivo es reducir la tasa de siniestralidad en el territorio nacional. \u00bfCu\u00e1les son las excepciones?<!--more--><\/p>\n<hr \/>\n<p>El Gobierno renov\u00f3 para el pr\u00f3ximo a\u00f1o la vigencia de la norma que proh\u00edbe la circulaci\u00f3n de camiones en las rutas nacionales durante los <strong>fines de semana largos, recambios tur\u00edsticos o fechas determinadas en las que se movilicen una gran cantidad de veh\u00edculos particulares.<\/strong><\/p>\n<p>&nbsp;<\/p>\n<p>Lo hizo mediante una disposici\u00f3n 991 <strong>publicada este mi\u00e9rcoles en el Bolet\u00edn Oficial<\/strong>, que lleva la firma del titular de la Agencia Nacional de Seguridad Vial (ANSV), Pablo Mart\u00ednez Carignano.<\/p>\n<p>&nbsp;<\/p>\n<p>La norma establece que los veh\u00edculos de categor\u00edas <strong>N2 y, N3, O3 y O4 (de gran porte)<\/strong> \u201cno podr\u00e1n circular por las rutas nacionales en las fechas, horarios\u201d, a determinar por la ANSV durante esas fechas especiales.<\/p>\n<p>&nbsp;<\/p>\n<p>Quedan <strong>exceptuados<\/strong> de la norma los camiones que transporten leche cruda, sus productos derivados, y envases asociados; animales vivos; productos frutihort\u00edcolas en tr\u00e1nsito; prensa y de unidades m\u00f3viles de medios de comunicaci\u00f3n audiovisual; atenci\u00f3n de emergencias; asistencia de veh\u00edculos averiados o accidentados, en el lugar del suceso o en el traslado al punto m\u00e1s pr\u00f3ximo a aquel donde pueda quedar depositado, y en regreso en vac\u00edo.<\/p>\n<p>&nbsp;<\/p>\n<p>Tambi\u00e9n except\u00faan a los que trasladan combustible, Gas Natural Comprimido y Gas Licuado de Petr\u00f3leo; gases necesarios para el funcionamiento de centros sanitarios, as\u00ed como de gases transportados a particulares para asistencias sanitarias domiciliarias, en ambos casos, cuando se acredite que se transportan a dichos destinos; medicinas; residuos s\u00f3lidos urbanos; aquellos que circulan en cumplimiento directo e inmediato de una orden judicial y el transporte de sebo, hueso y cueros.<\/p>\n<p>&nbsp;<\/p>\n<p>En los considerandos de la disposici\u00f3n, se se\u00f1ala que la ANSV, en su car\u00e1cter de \u201cautoridad de aplicaci\u00f3n de las pol\u00edticas y medidas de seguridad vial nacionales\u201d, tiene como principal misi\u00f3n <strong>\u201cla reducci\u00f3n de la tasa de siniestralidad en el territorio nacional, mediante la promoci\u00f3n, coordinaci\u00f3n, control y seguimiento de las pol\u00edticas de seguridad vial\u201d.<\/strong><\/p>\n<p>&nbsp;<\/p>\n<p>En ese sentido, remarca que \u201cdurante los fines de semana que cuentan con un d\u00eda inmediato anterior y\/o posterior inh\u00e1bil, denominados \u2018fines de semana largo\u2019, as\u00ed como tambi\u00e9n durante el inicio, recambio, y finalizaci\u00f3n de per\u00edodos vacacionales, se produce un incremento exponencial del flujo de tr\u00e1nsito vehicular en las rutas nacionales y caminos interjurisdiccionales, motivado, entre otras causas, por el traslado masivo de la poblaci\u00f3n a los centros tur\u00edsticos y de recreaci\u00f3n\u201d.<\/p>\n<p>&nbsp;<\/p>\n<p>Y argumenta que \u201cel crecimiento constante del parque automotor incrementa de manera exponencial la probabilidad de ocurrencia de siniestros viales, lo que amerita la<strong> adopci\u00f3n de medidas estrat\u00e9gicas y preventivas,<\/strong> tendientes a evitar tales consecuencias\u201d.<\/p>\n<p>&nbsp;<\/p>\n<p><em>Fuente: DIB.<\/em><\/p>\n","protected":false},"excerpt":{"rendered":"<p>El objetivo es reducir la tasa de siniestralidad en el territorio nacional. \u00bfCu\u00e1les son las excepciones?<\/p>\n","protected":false},"author":5,"featured_media":73537,"comment_status":"closed","ping_status":"closed","sticky":false,"template":"","format":"standard","meta":{"_jetpack_memberships_contains_paid_content":false,"footnotes":""},"categories":[6,1],"tags":[],"class_list":["post-73536","post","type-post","status-publish","format-standard","has-post-thumbnail","hentry","category-nacionales","category-portada"],"jetpack_featured_media_url":"https:\/\/i0.wp.com\/cdnoticias.com\/wp-content\/uploads\/2022\/12\/camiones.jpg?fit=1140%2C758&ssl=1","jetpack_sharing_enabled":true,"_links":{"self":[{"href":"https:\/\/cdnoticias.com\/index.php\/wp-json\/wp\/v2\/posts\/73536","targetHints":{"allow":["GET"]}}],"collection":[{"href":"https:\/\/cdnoticias.com\/index.php\/wp-json\/wp\/v2\/posts"}],"about":[{"href":"https:\/\/cdnoticias.com\/index.php\/wp-json\/wp\/v2\/types\/post"}],"author":[{"embeddable":true,"href":"https:\/\/cdnoticias.com\/index.php\/wp-json\/wp\/v2\/users\/5"}],"replies":[{"embeddable":true,"href":"https:\/\/cdnoticias.com\/index.php\/wp-json\/wp\/v2\/comments?post=73536"}],"version-history":[{"count":0,"href":"https:\/\/cdnoticias.com\/index.php\/wp-json\/wp\/v2\/posts\/73536\/revisions"}],"wp:featuredmedia":[{"embeddable":true,"href":"https:\/\/cdnoticias.com\/index.php\/wp-json\/wp\/v2\/media\/73537"}],"wp:attachment":[{"href":"https:\/\/cdnoticias.com\/index.php\/wp-json\/wp\/v2\/media?parent=73536"}],"wp:term":[{"taxonomy":"category","embeddable":true,"href":"https:\/\/cdnoticias.com\/index.php\/wp-json\/wp\/v2\/categories?post=73536"},{"taxonomy":"post_tag","embeddable":true,"href":"https:\/\/cdnoticias.com\/index.php\/wp-json\/wp\/v2\/tags?post=73536"}],"curies":[{"name":"wp","href":"https:\/\/api.w.org\/{rel}","templated":true}]}}