{"id":7350,"date":"2020-11-24T17:50:23","date_gmt":"2020-11-24T20:50:23","guid":{"rendered":"http:\/\/www.centraldenoticias.com.ar\/?p=7350"},"modified":"2020-11-24T17:50:23","modified_gmt":"2020-11-24T20:50:23","slug":"aguilera-ya-se-comenzaron-a-reactivar-obras-importantes","status":"publish","type":"post","link":"https:\/\/cdnoticias.com\/index.php\/2020\/11\/24\/aguilera-ya-se-comenzaron-a-reactivar-obras-importantes\/","title":{"rendered":"Aguilera: \u201cYa se comenzaron a reactivar obras importantes\u201d"},"content":{"rendered":"<p>&nbsp;<\/p>\n<p>El subsecretario de Miner\u00eda de la Provincia estuvo presente en el acto por el D\u00eda de la Construcci\u00f3n. Resalt\u00f3 el crecimiento del sector y las obras que se proyectan para Olavarr\u00eda y la provincia de Buenos Aires.<!--more--><\/p>\n<hr \/>\n<p>Este martes se llev\u00f3 adelante el <a href=\"https:\/\/cdnoticias.com\/index.php\/2020\/11\/24\/cronica-fotografica-el-acto-del-dia-de-la-construccion-en-imagenes\/\" target=\"_blank\" rel=\"noopener\">acto por el D\u00eda de la Construcci\u00f3n en la Planta L\u2019Amal\u00ed<\/a> con la presencia a trav\u00e9s de videoconferencia del presidente Alberto Fern\u00e1ndez y el <a href=\"https:\/\/cdnoticias.com\/index.php\/2020\/11\/24\/kicillof-con-la-construccion-vamos-a-sacar-adelante-un-pais-muy-golpeado\/\" target=\"_blank\" rel=\"noopener\">gobernador Axel Kicillof.<\/a><\/p>\n<p>&nbsp;<\/p>\n<p>En ese contexto el <strong>subsecretario de Miner\u00eda de la Provincia, Federico Aguilera<\/strong> se\u00f1al\u00f3 que si bien <em>\u201clamentablemente no pudimos tener la presencia del Presidente y el Gobernador en Olavarr\u00eda por cuestiones clim\u00e1ticas, llevar adelante este acto por medio de la virtualidad es muy importante\u201d.<\/em><\/p>\n<p>&nbsp;<\/p>\n<p>En ese sentido, el funcionario tambi\u00e9n destac\u00f3 que el encuentro se llev\u00f3 adelante<em> \u201cen esta empresa que est\u00e1 realizando la ampliaci\u00f3n de una planta que tambi\u00e9n va a generar <strong>nuevos puestos de trabajo y ampliar la producci\u00f3n cementera<\/strong>\u201d.<\/em><\/p>\n<p>&nbsp;<\/p>\n<p><img data-recalc-dims=\"1\" loading=\"lazy\" decoding=\"async\" class=\"alignnone size-full wp-image-7295\" src=\"https:\/\/i0.wp.com\/cdnoticias.com\/wp-content\/uploads\/2020\/11\/construccion04.jpg?resize=768%2C543&#038;ssl=1\" alt=\"\" width=\"768\" height=\"543\" srcset=\"https:\/\/i0.wp.com\/cdnoticias.com\/wp-content\/uploads\/2020\/11\/construccion04.jpg?w=768&amp;ssl=1 768w, https:\/\/i0.wp.com\/cdnoticias.com\/wp-content\/uploads\/2020\/11\/construccion04.jpg?resize=300%2C212&amp;ssl=1 300w\" sizes=\"auto, (max-width: 768px) 100vw, 768px\" \/><\/p>\n<p>&nbsp;<\/p>\n<p>Por otra parte, destac\u00f3 el rol de nuestra ciudad en relaci\u00f3n a la actividad: <em>\u201cel mayor porcentaje de la materia prima a partir de la cual se desarrolla la actividad de la construcci\u00f3n surge de Olavarr\u00eda. <strong>El 50% del cemento que se produce en el pa\u00eds sale del Municipio de Olavarr\u00eda<\/strong>\u201d.<\/em><\/p>\n<p>&nbsp;<\/p>\n<p>Respecto al lugar que ocupa la construcci\u00f3n en el presupuesto provincial se\u00f1al\u00f3 que <em>\u201csi uno hace los comparativos de <strong>lo que se destina del presupuesto nacional y provincial a la obra p\u00fablica se han duplicado los niveles de producci\u00f3n comparados con el a\u00f1o anterior<\/strong> y se han reducido considerablemente los niveles que se destinaban al pago de intereses de deuda\u201d.<\/em><\/p>\n<p>&nbsp;<\/p>\n<p>Resalt\u00f3 la positividad de esta situaci\u00f3n y los anuncios realizados para el Partido de Olavarr\u00eda a partir de los fondos que env\u00eda provincia y naci\u00f3n <strong><em>\u201cque sumados entre los dos son m\u00e1s de 700 millones de pesos que se van a invertir en Olavarr\u00eda y en toda la provincia de Buenos Aires donde ya se comenzaron a reactivar obras importantes\u201d.<\/em><\/strong><\/p>\n<p>&nbsp;<\/p>\n<p>Aguilera asegur\u00f3 que las perspectivas para la reactivaci\u00f3n del sector son <em>\u201cm\u00e1s que positivas\u201d<\/em> y resalt\u00f3 entre otras medidas,<em> \u201cel <strong>plan de construcci\u00f3n de viviendas<\/strong> en la provincia de Buenos Aires donde se van a invertir m\u00e1s de 90.000 millones de pesos\u201d.<\/em><\/p>\n<p>&nbsp;<\/p>\n<p><img data-recalc-dims=\"1\" loading=\"lazy\" decoding=\"async\" class=\"alignnone size-large wp-image-7311\" src=\"https:\/\/i0.wp.com\/cdnoticias.com\/wp-content\/uploads\/2020\/11\/construcci%C3%B3n4-1024x678.jpg?resize=800%2C530&#038;ssl=1\" alt=\"\" width=\"800\" height=\"530\" srcset=\"https:\/\/i0.wp.com\/cdnoticias.com\/wp-content\/uploads\/2020\/11\/construcci%C3%B3n4.jpg?resize=1024%2C678&amp;ssl=1 1024w, https:\/\/i0.wp.com\/cdnoticias.com\/wp-content\/uploads\/2020\/11\/construcci%C3%B3n4.jpg?resize=300%2C199&amp;ssl=1 300w, https:\/\/i0.wp.com\/cdnoticias.com\/wp-content\/uploads\/2020\/11\/construcci%C3%B3n4.jpg?resize=768%2C509&amp;ssl=1 768w, https:\/\/i0.wp.com\/cdnoticias.com\/wp-content\/uploads\/2020\/11\/construcci%C3%B3n4.jpg?w=1600&amp;ssl=1 1600w, https:\/\/i0.wp.com\/cdnoticias.com\/wp-content\/uploads\/2020\/11\/construcci%C3%B3n4.jpg?w=2400&amp;ssl=1 2400w\" sizes=\"auto, (max-width: 800px) 100vw, 800px\" \/><\/p>\n<p>&nbsp;<\/p>\n<p>En referencia a lo <a href=\"https:\/\/cdnoticias.com\/index.php\/2020\/11\/24\/fernandez-veo-una-nefasta-actitud-en-quien-acapara-bienes-para-especular\/\" target=\"_blank\" rel=\"noopener\">se\u00f1alado por el Presidente sobre su discurso en relaci\u00f3n a aplicar la Ley de Abastecimiento<\/a>, Aguilera indic\u00f3 que <em>\u201cen lo que es espec\u00edficamente el rubro de la miner\u00eda y el abastecimiento de cemento y la producci\u00f3n de piedra, lo que hemos corroborado es que no se est\u00e1 dando abasto producto de las bajas y los protocolos por el covid que hace que haya menor mano de obra para poder trabajar\u201d.<\/em><\/p>\n<p>&nbsp;<\/p>\n<p>Incluso mencion\u00f3 un ejemplo: <em>\u201ctanto en Cemento Avellaneda como en Loma Negra una embolsadora que por turno tiene 22 trabajadores hoy est\u00e1 trabajando con 7 u 8 trabajadores por turno. <strong>Eso hace que sea imposible poder producir a los niveles que se est\u00e1 requiriendo<\/strong>\u201d.<\/em><\/p>\n<p>&nbsp;<\/p>\n<p><em>\u201cLuego s\u00ed hay otros sectores de la construcci\u00f3n en los cuales Alberto (Fern\u00e1ndez) fue claro que est\u00e1n precisamente llevando adelante una suerte de especulaci\u00f3n con el abastecimiento, reteniendo la mercader\u00eda. <strong>Son cuatro o cinco distribuidores de alguno de estos elementos que no son precisamente de la materia prima que es la minera, sino de otros elementos de la construcci\u00f3n y son sobre los que se va a aplicar la Ley de Abastecimiento<\/strong>\u201d<\/em>, concluy\u00f3.<\/p>\n","protected":false},"excerpt":{"rendered":"<p>&nbsp; El subsecretario de Miner\u00eda de la Provincia estuvo presente en el acto por el D\u00eda de la Construcci\u00f3n. Resalt\u00f3<\/p>\n","protected":false},"author":5,"featured_media":7353,"comment_status":"closed","ping_status":"closed","sticky":false,"template":"","format":"standard","meta":{"_jetpack_memberships_contains_paid_content":false,"footnotes":""},"categories":[5,1],"tags":[],"class_list":["post-7350","post","type-post","status-publish","format-standard","has-post-thumbnail","hentry","category-informacion-general","category-portada"],"jetpack_featured_media_url":"https:\/\/i0.wp.com\/cdnoticias.com\/wp-content\/uploads\/2020\/11\/EnmsAe_XUAE16RP.jpg?fit=1232%2C816&ssl=1","jetpack_sharing_enabled":true,"_links":{"self":[{"href":"https:\/\/cdnoticias.com\/index.php\/wp-json\/wp\/v2\/posts\/7350","targetHints":{"allow":["GET"]}}],"collection":[{"href":"https:\/\/cdnoticias.com\/index.php\/wp-json\/wp\/v2\/posts"}],"about":[{"href":"https:\/\/cdnoticias.com\/index.php\/wp-json\/wp\/v2\/types\/post"}],"author":[{"embeddable":true,"href":"https:\/\/cdnoticias.com\/index.php\/wp-json\/wp\/v2\/users\/5"}],"replies":[{"embeddable":true,"href":"https:\/\/cdnoticias.com\/index.php\/wp-json\/wp\/v2\/comments?post=7350"}],"version-history":[{"count":0,"href":"https:\/\/cdnoticias.com\/index.php\/wp-json\/wp\/v2\/posts\/7350\/revisions"}],"wp:featuredmedia":[{"embeddable":true,"href":"https:\/\/cdnoticias.com\/index.php\/wp-json\/wp\/v2\/media\/7353"}],"wp:attachment":[{"href":"https:\/\/cdnoticias.com\/index.php\/wp-json\/wp\/v2\/media?parent=7350"}],"wp:term":[{"taxonomy":"category","embeddable":true,"href":"https:\/\/cdnoticias.com\/index.php\/wp-json\/wp\/v2\/categories?post=7350"},{"taxonomy":"post_tag","embeddable":true,"href":"https:\/\/cdnoticias.com\/index.php\/wp-json\/wp\/v2\/tags?post=7350"}],"curies":[{"name":"wp","href":"https:\/\/api.w.org\/{rel}","templated":true}]}}