{"id":73489,"date":"2022-12-28T17:07:44","date_gmt":"2022-12-28T20:07:44","guid":{"rendered":"https:\/\/www.centraldenoticias.com.ar\/?p=73489"},"modified":"2022-12-28T17:07:44","modified_gmt":"2022-12-28T20:07:44","slug":"investigador-de-la-facso-al-frente-de-la-reconstruccion-de-la-historia-de-los-canones-de-tandil","status":"publish","type":"post","link":"https:\/\/cdnoticias.com\/index.php\/2022\/12\/28\/investigador-de-la-facso-al-frente-de-la-reconstruccion-de-la-historia-de-los-canones-de-tandil\/","title":{"rendered":"Investigador de la FACSO al frente de la reconstrucci\u00f3n de la historia de los ca\u00f1ones de Tandil"},"content":{"rendered":"<p>El proyecto hist\u00f3rico-arqueol\u00f3gico es dirigido por el Dr. Julio Merlo (INCUAPA-FACSO) y codirigido por el Dr. Marcelino Irianni (IGEHCS-FCH).<!--more--><\/p>\n<hr \/>\n<p>El mi\u00e9rcoles pasado se llev\u00f3 adelante la<strong> restituci\u00f3n del ca\u00f1\u00f3n en la cima del Parque Independencia de la ciudad de Tandil<\/strong>, en el marco de un <strong>proyecto interdisciplinario hist\u00f3rico-arqueol\u00f3gico<\/strong> del Fuerte Independencia.<\/p>\n<p>&nbsp;<\/p>\n<p>All\u00ed se desempe\u00f1an equipos de trabajo de diferentes unidades de la Universidad Nacional del Centro de la Provincia de Buenos Aires y el CONICET, como lo son el Instituto de Investigaciones Arqueol\u00f3gicas y Paleontol\u00f3gicas del Cuaternario Pampeano (INCUAPA), el Instituto de F\u00edsica de Materiales Tandil (IFIMAT), el Instituto de Estudios Hist\u00f3ricos-Sociales (IEHS) y el Instituto de Geograf\u00eda, Historia y Ciencias Sociales (IGEHCS).<\/p>\n<p>&nbsp;<\/p>\n<p>El <strong>proyecto es dirigido por el Dr. Julio Merlo<\/strong>, docente e investigador de la Facultad de Ciencias Sociales, y codirigido por el<strong> Dr. Marcelino Irianni,<\/strong> Vicedirector del IGEHCS. Se lleva adelante en el marco de un convenio entre la Universidad Nacional del Centro de la Provincia de Buenos Aires, a trav\u00e9s de la Facultad de Ciencias Sociales, y la Municipalidad de Tandil, a prop\u00f3sito del Bicentenario de dicha localidad, en el que se estableci\u00f3 un acta acuerdo de asistencia t\u00e9cnica con el objeto de<strong> realizar relevamientos arqueol\u00f3gicos del Fuerte Independencia.<\/strong><\/p>\n<p>&nbsp;<\/p>\n<p><img data-recalc-dims=\"1\" loading=\"lazy\" decoding=\"async\" class=\"aligncenter wp-image-73493 size-full\" src=\"https:\/\/i0.wp.com\/cdnoticias.com\/wp-content\/uploads\/2022\/12\/Tandil-5.jpeg?resize=800%2C533&#038;ssl=1\" alt=\"\" width=\"800\" height=\"533\" srcset=\"https:\/\/i0.wp.com\/cdnoticias.com\/wp-content\/uploads\/2022\/12\/Tandil-5.jpeg?w=1296&amp;ssl=1 1296w, https:\/\/i0.wp.com\/cdnoticias.com\/wp-content\/uploads\/2022\/12\/Tandil-5.jpeg?resize=300%2C200&amp;ssl=1 300w, https:\/\/i0.wp.com\/cdnoticias.com\/wp-content\/uploads\/2022\/12\/Tandil-5.jpeg?resize=1024%2C683&amp;ssl=1 1024w, https:\/\/i0.wp.com\/cdnoticias.com\/wp-content\/uploads\/2022\/12\/Tandil-5.jpeg?resize=768%2C512&amp;ssl=1 768w, https:\/\/i0.wp.com\/cdnoticias.com\/wp-content\/uploads\/2022\/12\/Tandil-5.jpeg?resize=272%2C182&amp;ssl=1 272w\" sizes=\"auto, (max-width: 800px) 100vw, 800px\" \/><\/p>\n<p>&nbsp;<\/p>\n<p>El <strong>ca\u00f1\u00f3n hab\u00eda sido extra\u00eddo a fines de diciembre del a\u00f1o pasado<\/strong>, con el objetivo de llevar adelante una serie de estudios para <strong>conocer la historia de esta pieza de artiller\u00eda y la funci\u00f3n que cumpli\u00f3 en la localidad de Tandil.<\/strong> Se trata de uno de los seis ca\u00f1ones ubicados en distintos sectores de dicha ciudad, que seguir\u00e1n estudi\u00e1ndose el pr\u00f3ximo a\u00f1o, a trav\u00e9s de un Proyecto Interdisciplinario Orientado (PIO) de la Secretar\u00eda de Ciencia, Arte y Tecnolog\u00eda (SECAT) de la UNICEN.<\/p>\n<p>&nbsp;<\/p>\n<p>Mediante los an\u00e1lisis realizados se intent\u00f3 determinar c\u00f3mo era la estructura interna del ca\u00f1\u00f3n y de los objetos que ten\u00edan en su interior, entre los que<strong> se encontraron cuatro balas.<\/strong> Tal es as\u00ed que se se presume que llegaron a Tandil a trav\u00e9s de su fundador,<strong> Mart\u00edn Rodr\u00edguez, para la fundaci\u00f3n de la ciudad<\/strong> (1823).<\/p>\n<p>&nbsp;<\/p>\n<p>El Dr. <strong>Julio Merlo<\/strong> explic\u00f3 que \u201c<em>desde la arqueolog\u00eda, si bien no es una arqueolog\u00eda tradicional porque con el an\u00e1lisis de los ca\u00f1ones no estamos excavando, estamos teniendo informaci\u00f3n a trav\u00e9s del an\u00e1lisis de la estructura del ca\u00f1\u00f3n, de las formas que tienen, los s\u00edmbolos que est\u00e1n grabados bajo relieve, de sus or\u00edgenes y los posibles usos que se les pudo haber dado en el pa\u00eds\u201d.<\/em><\/p>\n<p>&nbsp;<\/p>\n<p><img data-recalc-dims=\"1\" loading=\"lazy\" decoding=\"async\" class=\"aligncenter wp-image-73494 size-full\" src=\"https:\/\/i0.wp.com\/cdnoticias.com\/wp-content\/uploads\/2022\/12\/Tandil-2.jpeg?resize=800%2C533&#038;ssl=1\" alt=\"\" width=\"800\" height=\"533\" srcset=\"https:\/\/i0.wp.com\/cdnoticias.com\/wp-content\/uploads\/2022\/12\/Tandil-2.jpeg?w=1296&amp;ssl=1 1296w, https:\/\/i0.wp.com\/cdnoticias.com\/wp-content\/uploads\/2022\/12\/Tandil-2.jpeg?resize=300%2C200&amp;ssl=1 300w, https:\/\/i0.wp.com\/cdnoticias.com\/wp-content\/uploads\/2022\/12\/Tandil-2.jpeg?resize=1024%2C683&amp;ssl=1 1024w, https:\/\/i0.wp.com\/cdnoticias.com\/wp-content\/uploads\/2022\/12\/Tandil-2.jpeg?resize=768%2C512&amp;ssl=1 768w, https:\/\/i0.wp.com\/cdnoticias.com\/wp-content\/uploads\/2022\/12\/Tandil-2.jpeg?resize=272%2C182&amp;ssl=1 272w\" sizes=\"auto, (max-width: 800px) 100vw, 800px\" \/><\/p>\n<p>&nbsp;<\/p>\n<p>El Dr. Merlo describi\u00f3 que los ca\u00f1ones \u201chan sido usados no con fines de combate sino m\u00e1s que nada con fines de prueba, de pr\u00e1ctica y tambi\u00e9n para iniciar parlamentos ind\u00edgenas. Cuando normalmente se hac\u00edan parlamentos y parlamentaban los ind\u00edgenas con eurocriollos, con los habitantes del Fuerte Independencia de Tandil, o como tambi\u00e9n con otros fuertes de la Provincia de Buenos Aires, como puede ser el Fuerte Blanca Grande o Fort\u00edn El Perdido de Olavarr\u00eda, normalmente se realizaba una salva de ca\u00f1ones y un disparo de ca\u00f1\u00f3n para hacer ruido y dar un inicio al parlamento, o a veces tambi\u00e9n al cierre\u201d.<\/p>\n<p>&nbsp;<\/p>\n<p>Por otra parte, <strong>hay emplazados en Tandil otros cinco ca\u00f1ones:<\/strong> tres en el Parque Independencia, otro en el Museo del Fuerte Independencia y el restante en la plaza 25 de Mayo. A partir de ahora, los equipos de investigaci\u00f3n comenzar\u00e1n a trabajar con los dem\u00e1s ca\u00f1ones, dado que cada uno de ellos tiene distintas caracter\u00edsticas. En esta instancia la direcci\u00f3n estar\u00e1 a cargo del Dr. Merlo, y el proyecto ser\u00e1 codirigido por la Lic. Carla D\u00e1tola (IGEHCS).<\/p>\n<p>&nbsp;<\/p>\n<p>Sobre la pr\u00f3xima etapa, el Dr. Merlo indic\u00f3 que <em>\u201cal analizarlos y estudiarlos buscamos generar un informe m\u00e1s completo de los or\u00edgenes de estos ca\u00f1ones, porque todav\u00eda no tenemos resultados firmes sobre qu\u00e9 uso se le dio antes de llegar al Fuerte Independencia y en Tandil\u201d.<\/em><\/p>\n<p>&nbsp;<\/p>\n<p><img data-recalc-dims=\"1\" loading=\"lazy\" decoding=\"async\" class=\"aligncenter wp-image-73495 size-full\" src=\"https:\/\/i0.wp.com\/cdnoticias.com\/wp-content\/uploads\/2022\/12\/Tandil-1.jpeg?resize=800%2C533&#038;ssl=1\" alt=\"\" width=\"800\" height=\"533\" srcset=\"https:\/\/i0.wp.com\/cdnoticias.com\/wp-content\/uploads\/2022\/12\/Tandil-1.jpeg?w=1296&amp;ssl=1 1296w, https:\/\/i0.wp.com\/cdnoticias.com\/wp-content\/uploads\/2022\/12\/Tandil-1.jpeg?resize=300%2C200&amp;ssl=1 300w, https:\/\/i0.wp.com\/cdnoticias.com\/wp-content\/uploads\/2022\/12\/Tandil-1.jpeg?resize=1024%2C683&amp;ssl=1 1024w, https:\/\/i0.wp.com\/cdnoticias.com\/wp-content\/uploads\/2022\/12\/Tandil-1.jpeg?resize=768%2C512&amp;ssl=1 768w, https:\/\/i0.wp.com\/cdnoticias.com\/wp-content\/uploads\/2022\/12\/Tandil-1.jpeg?resize=272%2C182&amp;ssl=1 272w\" sizes=\"auto, (max-width: 800px) 100vw, 800px\" \/><\/p>\n","protected":false},"excerpt":{"rendered":"<p>El proyecto hist\u00f3rico-arqueol\u00f3gico es dirigido por el Dr. Julio Merlo (INCUAPA-FACSO) y codirigido por el Dr. Marcelino Irianni (IGEHCS-FCH).<\/p>\n","protected":false},"author":6,"featured_media":73490,"comment_status":"closed","ping_status":"closed","sticky":false,"template":"","format":"standard","meta":{"_jetpack_memberships_contains_paid_content":false,"footnotes":""},"categories":[5,1],"tags":[],"class_list":["post-73489","post","type-post","status-publish","format-standard","has-post-thumbnail","hentry","category-informacion-general","category-portada"],"jetpack_featured_media_url":"https:\/\/i0.wp.com\/cdnoticias.com\/wp-content\/uploads\/2022\/12\/Tandil-3.jpeg?fit=1296%2C864&ssl=1","jetpack_sharing_enabled":true,"_links":{"self":[{"href":"https:\/\/cdnoticias.com\/index.php\/wp-json\/wp\/v2\/posts\/73489","targetHints":{"allow":["GET"]}}],"collection":[{"href":"https:\/\/cdnoticias.com\/index.php\/wp-json\/wp\/v2\/posts"}],"about":[{"href":"https:\/\/cdnoticias.com\/index.php\/wp-json\/wp\/v2\/types\/post"}],"author":[{"embeddable":true,"href":"https:\/\/cdnoticias.com\/index.php\/wp-json\/wp\/v2\/users\/6"}],"replies":[{"embeddable":true,"href":"https:\/\/cdnoticias.com\/index.php\/wp-json\/wp\/v2\/comments?post=73489"}],"version-history":[{"count":0,"href":"https:\/\/cdnoticias.com\/index.php\/wp-json\/wp\/v2\/posts\/73489\/revisions"}],"wp:featuredmedia":[{"embeddable":true,"href":"https:\/\/cdnoticias.com\/index.php\/wp-json\/wp\/v2\/media\/73490"}],"wp:attachment":[{"href":"https:\/\/cdnoticias.com\/index.php\/wp-json\/wp\/v2\/media?parent=73489"}],"wp:term":[{"taxonomy":"category","embeddable":true,"href":"https:\/\/cdnoticias.com\/index.php\/wp-json\/wp\/v2\/categories?post=73489"},{"taxonomy":"post_tag","embeddable":true,"href":"https:\/\/cdnoticias.com\/index.php\/wp-json\/wp\/v2\/tags?post=73489"}],"curies":[{"name":"wp","href":"https:\/\/api.w.org\/{rel}","templated":true}]}}