{"id":73446,"date":"2022-12-27T17:35:09","date_gmt":"2022-12-27T20:35:09","guid":{"rendered":"https:\/\/www.centraldenoticias.com.ar\/?p=73446"},"modified":"2022-12-27T17:35:09","modified_gmt":"2022-12-27T20:35:09","slug":"ultimas-del-ano-provincia-se-reune-esta-semana-en-paritarias-con-estatales-y-docentes","status":"publish","type":"post","link":"https:\/\/cdnoticias.com\/index.php\/2022\/12\/27\/ultimas-del-ano-provincia-se-reune-esta-semana-en-paritarias-con-estatales-y-docentes\/","title":{"rendered":"\u00daltimas del a\u00f1o: Provincia se re\u00fane esta semana en paritarias con estatales y docentes"},"content":{"rendered":"<p>Mantuvo encuentros con ambos sectores la semana pasada y pasaron a cuarto intermedio. El jueves se vuelven a ver las caras.<!--more--><\/p>\n<hr \/>\n<p><strong>El Gobierno bonaerense se volver\u00e1 a reunir esta semana con los gremios que representan a los estatales de la ley 10.430 y con los sindicatos docentes<\/strong> con el objetivo de cerrar los incrementos de 2022.<\/p>\n<p>&nbsp;<\/p>\n<p>La gesti\u00f3n de Axel Kicillof <a href=\"https:\/\/cdnoticias.com\/index.php\/2022\/12\/22\/paritarias-provincia-se-reunio-con-los-docentes-y-seguiran-discutiendo-la-semana-que-viene\/\" target=\"_blank\" rel=\"noopener\">mantuvo la semana pasada reuniones con ambos sectores<\/a>, aunque<strong> no realiz\u00f3 ofertas y las negociaciones se postergaron para esta semana.<\/strong> Seg\u00fan lo pautado, Provincia se reunir\u00e1 con estatales y docentes el jueves.<\/p>\n<p>&nbsp;<\/p>\n<blockquote><p>Los docentes llevan acumulado un aumento de 94% (entre enero y diciembre). Y, seg\u00fan pudo saber DIB por fuentes cercanas a la negociaci\u00f3n, la semana pasada las organizaciones pidieron superar el 100% interanual.<\/p><\/blockquote>\n<p>&nbsp;<\/p>\n<p>El <strong>Frente de Unidad Docente Bonaerense (FUDB)<\/strong> emiti\u00f3 tambi\u00e9n un comunicado en el que se\u00f1al\u00f3 que en el encuentro se pidi\u00f3 <strong>\u201cque la actualizaci\u00f3n salarial correspondiente al \u00faltimo mes del a\u00f1o 2022 se realice de manera prioritaria y urgente, y que se otorgue el pago de un bono de fin de a\u00f1o\u201d<\/strong>.<\/p>\n<p>&nbsp;<\/p>\n<p><strong>Los estatales tambi\u00e9n pidieron<\/strong> que se asegure terminar el a\u00f1o por arriba de la inflaci\u00f3n y se mostraron a favor de la posibilidad de un bono de fin de a\u00f1o.<\/p>\n<p>&nbsp;<\/p>\n<blockquote><p>\u201cAvalamos la necesidad de que se instrumente un pago extra, cualquiera sea la modalidad, sin que esto condicione o limite el aumento salarial de diciembre, ya que ayuda a paliar la situaci\u00f3n que estamos pasando los y las estatales por estos meses\u201d, sostuvo el titular de ATE, Oscar \u201cColo\u201d de Isasi.<\/p><\/blockquote>\n<p>&nbsp;<\/p>\n<p>Fuente: <em>Agencia DIB<\/em><\/p>\n","protected":false},"excerpt":{"rendered":"<p>Mantuvo encuentros con ambos sectores la semana pasada y pasaron a cuarto intermedio. El jueves se vuelven a ver las<\/p>\n","protected":false},"author":4,"featured_media":73449,"comment_status":"closed","ping_status":"closed","sticky":false,"template":"","format":"standard","meta":{"_jetpack_memberships_contains_paid_content":false,"footnotes":""},"categories":[6,1],"tags":[],"class_list":["post-73446","post","type-post","status-publish","format-standard","has-post-thumbnail","hentry","category-nacionales","category-portada"],"jetpack_featured_media_url":"https:\/\/i0.wp.com\/cdnoticias.com\/wp-content\/uploads\/2022\/12\/DIB-paritarias-estatales-696x390-1.jpg?fit=696%2C390&ssl=1","jetpack_sharing_enabled":true,"_links":{"self":[{"href":"https:\/\/cdnoticias.com\/index.php\/wp-json\/wp\/v2\/posts\/73446","targetHints":{"allow":["GET"]}}],"collection":[{"href":"https:\/\/cdnoticias.com\/index.php\/wp-json\/wp\/v2\/posts"}],"about":[{"href":"https:\/\/cdnoticias.com\/index.php\/wp-json\/wp\/v2\/types\/post"}],"author":[{"embeddable":true,"href":"https:\/\/cdnoticias.com\/index.php\/wp-json\/wp\/v2\/users\/4"}],"replies":[{"embeddable":true,"href":"https:\/\/cdnoticias.com\/index.php\/wp-json\/wp\/v2\/comments?post=73446"}],"version-history":[{"count":0,"href":"https:\/\/cdnoticias.com\/index.php\/wp-json\/wp\/v2\/posts\/73446\/revisions"}],"wp:featuredmedia":[{"embeddable":true,"href":"https:\/\/cdnoticias.com\/index.php\/wp-json\/wp\/v2\/media\/73449"}],"wp:attachment":[{"href":"https:\/\/cdnoticias.com\/index.php\/wp-json\/wp\/v2\/media?parent=73446"}],"wp:term":[{"taxonomy":"category","embeddable":true,"href":"https:\/\/cdnoticias.com\/index.php\/wp-json\/wp\/v2\/categories?post=73446"},{"taxonomy":"post_tag","embeddable":true,"href":"https:\/\/cdnoticias.com\/index.php\/wp-json\/wp\/v2\/tags?post=73446"}],"curies":[{"name":"wp","href":"https:\/\/api.w.org\/{rel}","templated":true}]}}