{"id":734,"date":"2020-09-04T07:27:32","date_gmt":"2020-09-04T10:27:32","guid":{"rendered":"http:\/\/www.centraldenoticias.com.ar\/?p=734"},"modified":"2020-09-04T10:19:00","modified_gmt":"2020-09-04T13:19:00","slug":"distincion-del-hcd-para-del-otro-lado-del-arbol","status":"publish","type":"post","link":"https:\/\/cdnoticias.com\/index.php\/2020\/09\/04\/distincion-del-hcd-para-del-otro-lado-del-arbol\/","title":{"rendered":"Distinci\u00f3n del HCD para \u201cDel otro lado del \u00c1rbol\u201d"},"content":{"rendered":"<p>El presidente del Concejo, Bruno Cenizo, estuvo en la sede de la biblioteca para entregar el reconocimiento otorgado en el marco del D\u00eda Internacional de la Mujer.<!--more--><\/p>\n<hr \/>\n<p>Se entreg\u00f3 el premio \u201cFlorentina G\u00f3mez Miranda\u201d a la biblioteca \u201cDel otro lado del \u00c1rbol\u201d. Se trata de la distinci\u00f3n que el Concejo Deliberante otorga anualmente en el marco de los premios \u201cDina Pontoni\u201d por el D\u00eda Internacional de la Mujer.<\/p>\n<p>Estas distinciones y premios se definieron en el mes de marzo, pero por la pandemia Covid-19 se debi\u00f3 postergar la entrega ya que no se pudo llevar adelante el tradicional acto en el Teatro Municipal.<\/p>\n<p>El presidente del HCD, Bruno Cenizo, se acerc\u00f3 al lugar de trabajo de este proyecto, el parque Helios Eseverri, para concretar la entrega del reconocimiento. Se trata de una iniciativa integrada casi en su totalidad por mujeres, premisa fundamental para que la \u201cDel otro lado del \u00c1rbol\u201d haya sido elegida para recibir esta distinci\u00f3n. El premio otorgado se entreg\u00f3 mediante un cheque por el valor de $25.000.<\/p>\n<p><img data-recalc-dims=\"1\" loading=\"lazy\" decoding=\"async\" class=\"aligncenter wp-image-736\" src=\"https:\/\/i0.wp.com\/cdnoticias.com\/wp-content\/uploads\/2020\/09\/cheque-arbol0-1-1.jpg?resize=450%2C301&#038;ssl=1\" alt=\"\" width=\"450\" height=\"301\" srcset=\"https:\/\/i0.wp.com\/cdnoticias.com\/wp-content\/uploads\/2020\/09\/cheque-arbol0-1-1.jpg?resize=300%2C201&amp;ssl=1 300w, https:\/\/i0.wp.com\/cdnoticias.com\/wp-content\/uploads\/2020\/09\/cheque-arbol0-1-1.jpg?resize=768%2C513&amp;ssl=1 768w, https:\/\/i0.wp.com\/cdnoticias.com\/wp-content\/uploads\/2020\/09\/cheque-arbol0-1-1.jpg?resize=1024%2C684&amp;ssl=1 1024w, https:\/\/i0.wp.com\/cdnoticias.com\/wp-content\/uploads\/2020\/09\/cheque-arbol0-1-1.jpg?resize=272%2C182&amp;ssl=1 272w, https:\/\/i0.wp.com\/cdnoticias.com\/wp-content\/uploads\/2020\/09\/cheque-arbol0-1-1.jpg?w=1600&amp;ssl=1 1600w, https:\/\/i0.wp.com\/cdnoticias.com\/wp-content\/uploads\/2020\/09\/cheque-arbol0-1-1.jpg?w=2400&amp;ssl=1 2400w\" sizes=\"auto, (max-width: 450px) 100vw, 450px\" \/><\/p>\n<p>Tambi\u00e9n asistieron la concejal Cecilia Krivochen del bloque pol\u00edtico Juntos por el Cambio y la edil Alicia Almada del Frente de Todos.<\/p>\n<p>Como se hab\u00eda establecido este a\u00f1o, desde el Cuerpo de concejales se ir\u00e1 visitando a cada galardonada en sus lugares de trabajo, cumpliendo las medidas solicitadas de distanciamiento y uso de barbijos o tapabocas.<\/p>\n<p>\u201cEste jueves, adem\u00e1s de hacer entrega del premio, las chicas de la Biblioteca comentaron c\u00f3mo se gest\u00f3 este hermoso proyecto desde hace ya nueve a\u00f1os, c\u00f3mo fueron reconstruyendo el lugar, mejor\u00e1ndolo y agrand\u00e1ndolo con el objetivo de que los ni\u00f1os tengan un espacio sano, amplio y divertido para entretenerse\u201d se expres\u00f3 desde el HCD.<\/p>\n<p><img data-recalc-dims=\"1\" loading=\"lazy\" decoding=\"async\" class=\"aligncenter wp-image-737\" src=\"https:\/\/i0.wp.com\/cdnoticias.com\/wp-content\/uploads\/2020\/09\/cheque-arbol4-1.jpg?resize=450%2C301&#038;ssl=1\" alt=\"\" width=\"450\" height=\"301\" srcset=\"https:\/\/i0.wp.com\/cdnoticias.com\/wp-content\/uploads\/2020\/09\/cheque-arbol4-1.jpg?resize=300%2C201&amp;ssl=1 300w, https:\/\/i0.wp.com\/cdnoticias.com\/wp-content\/uploads\/2020\/09\/cheque-arbol4-1.jpg?resize=768%2C513&amp;ssl=1 768w, https:\/\/i0.wp.com\/cdnoticias.com\/wp-content\/uploads\/2020\/09\/cheque-arbol4-1.jpg?resize=1024%2C684&amp;ssl=1 1024w, https:\/\/i0.wp.com\/cdnoticias.com\/wp-content\/uploads\/2020\/09\/cheque-arbol4-1.jpg?resize=272%2C182&amp;ssl=1 272w, https:\/\/i0.wp.com\/cdnoticias.com\/wp-content\/uploads\/2020\/09\/cheque-arbol4-1.jpg?w=1600&amp;ssl=1 1600w, https:\/\/i0.wp.com\/cdnoticias.com\/wp-content\/uploads\/2020\/09\/cheque-arbol4-1.jpg?w=2400&amp;ssl=1 2400w\" sizes=\"auto, (max-width: 450px) 100vw, 450px\" \/><\/p>\n<p>Por otra parte, comentaron y presentaron un proyecto que se denomina \u201cP.I.L.A.R\u201d (Polo Infantil Literario, Art\u00edstico y Recreativo), el cual hace alusi\u00f3n a la ni\u00f1a que inspira este espacio que ya tiene casi 9 a\u00f1os. Consiste en delimitar espacios al aire libre dentro del sector del parque Helios Eseverri para poder proyectar, expandir y aprovecharlos para programar cada vez m\u00e1s actividades para chicos.<\/p>\n<p>Del otro lado del \u00c1rbol fue creado en la ciudad de La Plata en 2011 por Paula Kriscautsky, la mam\u00e1 de Pilar, luego que la nena falleciera de c\u00e1ncer. Es un espacio pensado como homenaje a su hija y a todas las infancias, como una especie de resiliencia, de transformaci\u00f3n. Este proyecto se replic\u00f3 ya en ocho ciudades, entre ellas Olavarr\u00eda.<\/p>\n","protected":false},"excerpt":{"rendered":"<p>El presidente del Concejo, Bruno Cenizo, estuvo en la sede de la biblioteca para entregar el reconocimiento otorgado en el<\/p>\n","protected":false},"author":4,"featured_media":735,"comment_status":"closed","ping_status":"closed","sticky":false,"template":"","format":"standard","meta":{"_jetpack_memberships_contains_paid_content":false,"footnotes":""},"categories":[5],"tags":[],"class_list":["post-734","post","type-post","status-publish","format-standard","has-post-thumbnail","hentry","category-informacion-general"],"jetpack_featured_media_url":"https:\/\/i0.wp.com\/cdnoticias.com\/wp-content\/uploads\/2020\/09\/cheque-arbol-tapa.jpg?fit=1500%2C866&ssl=1","jetpack_sharing_enabled":true,"_links":{"self":[{"href":"https:\/\/cdnoticias.com\/index.php\/wp-json\/wp\/v2\/posts\/734","targetHints":{"allow":["GET"]}}],"collection":[{"href":"https:\/\/cdnoticias.com\/index.php\/wp-json\/wp\/v2\/posts"}],"about":[{"href":"https:\/\/cdnoticias.com\/index.php\/wp-json\/wp\/v2\/types\/post"}],"author":[{"embeddable":true,"href":"https:\/\/cdnoticias.com\/index.php\/wp-json\/wp\/v2\/users\/4"}],"replies":[{"embeddable":true,"href":"https:\/\/cdnoticias.com\/index.php\/wp-json\/wp\/v2\/comments?post=734"}],"version-history":[{"count":0,"href":"https:\/\/cdnoticias.com\/index.php\/wp-json\/wp\/v2\/posts\/734\/revisions"}],"wp:featuredmedia":[{"embeddable":true,"href":"https:\/\/cdnoticias.com\/index.php\/wp-json\/wp\/v2\/media\/735"}],"wp:attachment":[{"href":"https:\/\/cdnoticias.com\/index.php\/wp-json\/wp\/v2\/media?parent=734"}],"wp:term":[{"taxonomy":"category","embeddable":true,"href":"https:\/\/cdnoticias.com\/index.php\/wp-json\/wp\/v2\/categories?post=734"},{"taxonomy":"post_tag","embeddable":true,"href":"https:\/\/cdnoticias.com\/index.php\/wp-json\/wp\/v2\/tags?post=734"}],"curies":[{"name":"wp","href":"https:\/\/api.w.org\/{rel}","templated":true}]}}