{"id":73388,"date":"2022-12-26T17:41:52","date_gmt":"2022-12-26T20:41:52","guid":{"rendered":"https:\/\/www.centraldenoticias.com.ar\/?p=73388"},"modified":"2022-12-26T17:41:52","modified_gmt":"2022-12-26T20:41:52","slug":"presupuesto-2023-las-prioridades-tienen-que-ver-con-un-ano-electoral","status":"publish","type":"post","link":"https:\/\/cdnoticias.com\/index.php\/2022\/12\/26\/presupuesto-2023-las-prioridades-tienen-que-ver-con-un-ano-electoral\/","title":{"rendered":"Presupuesto 2023: \u201clas prioridades tienen que ver con un a\u00f1o electoral\u201d"},"content":{"rendered":"<p>Los integrantes del interbloque Frente de Todos expusieron sus cr\u00edticas sobre lo previsto para el a\u00f1o que viene en materia de cultura, salud, obras p\u00fablicas, inversiones en localidades, g\u00e9nero y turismo, entre otras \u00e1reas.<\/p>\n<p><!--more--><\/p>\n<hr \/>\n<p><strong>Los concejales del interbloque Frente de Todos expusieron cuestionamientos al proyecto de Presupuesto 2023<\/strong> en <a href=\"https:\/\/cdnoticias.com\/index.php\/2022\/12\/26\/presupuesto-2023-con-duras-criticas-el-frente-de-todos-adelanto-el-rechazo\/\" target=\"_blank\" rel=\"noopener\">una conferencia en la que adelantaron el rechazo<\/a> con observaciones sobre los recursos previstos y las obras e inversiones proyectadas.<\/p>\n<p>&nbsp;<\/p>\n<p>Adem\u00e1s los legisladores hicieron <strong>an\u00e1lisis por \u00e1rea de gesti\u00f3n<\/strong>.<\/p>\n<p>&nbsp;<\/p>\n<p><span style=\"text-decoration: underline;\"><strong>Cultura<\/strong><\/span><\/p>\n<p>&nbsp;<\/p>\n<p><strong>Mercedes Land\u00edvar<\/strong> indic\u00f3 que <strong>\u201ca\u00f1o a a\u00f1o se viene produciendo un ajuste abismal\u201d<\/strong>. La presidenta de la bancada se\u00f1al\u00f3 una \u201cp\u00e9rdida de incidencia de aproximadamente 21 millones de pesos\u201d. Adem\u00e1s, denunci\u00f3 que <strong>\u201cnos encontramos con programas que no existen hace a\u00f1os como Arte a mano, Ola sabores, Rock es Cultura, Cultura Viva y se plasman en un Presupuesto\u201d<\/strong>.<\/p>\n<p>&nbsp;<\/p>\n<p>Indic\u00f3 que <strong>en producciones art\u00edsticas \u201ctenemos solo 1.300.000 pesos para todo el a\u00f1o 2023<\/strong>. Si a ustedes les parece que eso le va a alcanzar a los artistas locales para concretar sus ofertas\u2026\u201d.<\/p>\n<p>&nbsp;<\/p>\n<p>Tambi\u00e9n resalt\u00f3 la<strong> poca variedad y cantidad de ofertas en los museos de la ciudad y de los pueblos<\/strong>. Y record\u00f3 eventos que se han registrado en nuestra ciudad como \u201cel Festival Internacional de Cine, la Muestra Nacional de Cine Lucas Demare, el Encuentro Provincial de Teatro, la Feria del Libro, los festivales de m\u00fasica\u201d, eventos que \u201cse ven plasmados en este ajuste y en la importancia que la gesti\u00f3n municipal le da a la cultura\u201d.<\/p>\n<p>&nbsp;<\/p>\n<p><img data-recalc-dims=\"1\" loading=\"lazy\" decoding=\"async\" class=\"size-large wp-image-73377 aligncenter\" src=\"https:\/\/i0.wp.com\/cdnoticias.com\/wp-content\/uploads\/2022\/12\/landivar-presupuesto-2023-01.jpg?resize=800%2C445&#038;ssl=1\" alt=\"\" width=\"800\" height=\"445\" srcset=\"https:\/\/i0.wp.com\/cdnoticias.com\/wp-content\/uploads\/2022\/12\/landivar-presupuesto-2023-01-scaled.jpg?resize=1024%2C570&amp;ssl=1 1024w, https:\/\/i0.wp.com\/cdnoticias.com\/wp-content\/uploads\/2022\/12\/landivar-presupuesto-2023-01-scaled.jpg?resize=300%2C167&amp;ssl=1 300w, https:\/\/i0.wp.com\/cdnoticias.com\/wp-content\/uploads\/2022\/12\/landivar-presupuesto-2023-01-scaled.jpg?resize=768%2C427&amp;ssl=1 768w, https:\/\/i0.wp.com\/cdnoticias.com\/wp-content\/uploads\/2022\/12\/landivar-presupuesto-2023-01-scaled.jpg?resize=1536%2C855&amp;ssl=1 1536w, https:\/\/i0.wp.com\/cdnoticias.com\/wp-content\/uploads\/2022\/12\/landivar-presupuesto-2023-01-scaled.jpg?resize=2048%2C1140&amp;ssl=1 2048w, https:\/\/i0.wp.com\/cdnoticias.com\/wp-content\/uploads\/2022\/12\/landivar-presupuesto-2023-01-scaled.jpg?resize=800%2C445&amp;ssl=1 800w, https:\/\/i0.wp.com\/cdnoticias.com\/wp-content\/uploads\/2022\/12\/landivar-presupuesto-2023-01-scaled.jpg?w=1600&amp;ssl=1 1600w, https:\/\/i0.wp.com\/cdnoticias.com\/wp-content\/uploads\/2022\/12\/landivar-presupuesto-2023-01-scaled.jpg?w=2400&amp;ssl=1 2400w\" sizes=\"auto, (max-width: 800px) 100vw, 800px\" \/><\/p>\n<p>&nbsp;<\/p>\n<p>Tambi\u00e9n se\u00f1al\u00f3 \u201cel<strong> ajuste en las Escuelas Municipales<\/strong> que han sido tan importantes en otra gesti\u00f3n y ahora no lo son, que han perdido personal, ajuste de horas en la pandemia y esto nunca se recuper\u00f3. Ni hablar de la falta de infraestructura y mantenimiento de esos espacios\u201d.<\/p>\n<p>&nbsp;<\/p>\n<p>Por su parte, <strong>In\u00e9s Creimer<\/strong> hizo referencia a la situaci\u00f3n de la Orquesta Sinf\u00f3nica Municipal y explicit\u00f3 que \u201cprevio a la pandemia, en diciembre de 2019, realiz\u00f3 9 conciertos y contaba con 78 m\u00fasicos. Hay algunos instrumentos que son m\u00e1s dif\u00edciles de contar con m\u00fasicos por lo que muchos ven\u00edan desde afuera. En pandemia se suspendieron esas actividades y esos contratos con la promesa de que se iban a reactivar. <strong>Este a\u00f1o la Orquesta cont\u00f3 solamente con 30 m\u00fasicos y realizaron \u00fanicamente tres conciertos con la Orquesta ampliada a 60 m\u00fasicos\u201d<\/strong>.<\/p>\n<p>&nbsp;<\/p>\n<p><span style=\"text-decoration: underline;\"><strong>Turismo<\/strong><\/span><\/p>\n<p>&nbsp;<\/p>\n<p><strong>Landivar<\/strong> indic\u00f3 que esta \u00e1rea <strong>\u201cpierde m\u00e1s de 7 millones de pesos en la importancia del Presupuesto\u201d<\/strong>. Se\u00f1al\u00f3 que est\u00e1 dividida en dos: la direcci\u00f3n de Turismo y la direcci\u00f3n de Turismo de Reuni\u00f3n donde \u201cse ve tambi\u00e9n un copie y pegue constante donde se le da la importancia de una oraci\u00f3n a cada una de las \u00e1reas\u201d.<\/p>\n<p>&nbsp;<\/p>\n<p>\u201cSi nos vamos unos 8 o 9 a\u00f1os hacia atr\u00e1s, la gesti\u00f3n anterior le daba importancia a lo cultural, a lo hist\u00f3rico, al patrimonio cultural, a lo rural. <strong>Hemos visto como la intenci\u00f3n de ligar lo tur\u00edstico a lo comercial, pero vemos que eso tampoco se produce<\/strong>. Es necesarios volver a combinar ese turismo de los dos perfiles\u201d, asegur\u00f3.<\/p>\n<p>&nbsp;<\/p>\n<p>Habl\u00f3 de la necesidad de \u201cpensar en un plan estrat\u00e9gico de turismo que genere producci\u00f3n, empleo y movimiento en la ciudad\u201d.<\/p>\n<p>&nbsp;<\/p>\n<p><img data-recalc-dims=\"1\" loading=\"lazy\" decoding=\"async\" class=\"size-large wp-image-73378 aligncenter\" src=\"https:\/\/i0.wp.com\/cdnoticias.com\/wp-content\/uploads\/2022\/12\/presupuesto-2023-05.jpg?resize=800%2C445&#038;ssl=1\" alt=\"\" width=\"800\" height=\"445\" srcset=\"https:\/\/i0.wp.com\/cdnoticias.com\/wp-content\/uploads\/2022\/12\/presupuesto-2023-05-scaled.jpg?resize=1024%2C570&amp;ssl=1 1024w, https:\/\/i0.wp.com\/cdnoticias.com\/wp-content\/uploads\/2022\/12\/presupuesto-2023-05-scaled.jpg?resize=300%2C167&amp;ssl=1 300w, https:\/\/i0.wp.com\/cdnoticias.com\/wp-content\/uploads\/2022\/12\/presupuesto-2023-05-scaled.jpg?resize=768%2C427&amp;ssl=1 768w, https:\/\/i0.wp.com\/cdnoticias.com\/wp-content\/uploads\/2022\/12\/presupuesto-2023-05-scaled.jpg?resize=1536%2C855&amp;ssl=1 1536w, https:\/\/i0.wp.com\/cdnoticias.com\/wp-content\/uploads\/2022\/12\/presupuesto-2023-05-scaled.jpg?resize=2048%2C1140&amp;ssl=1 2048w, https:\/\/i0.wp.com\/cdnoticias.com\/wp-content\/uploads\/2022\/12\/presupuesto-2023-05-scaled.jpg?resize=800%2C445&amp;ssl=1 800w, https:\/\/i0.wp.com\/cdnoticias.com\/wp-content\/uploads\/2022\/12\/presupuesto-2023-05-scaled.jpg?w=1600&amp;ssl=1 1600w, https:\/\/i0.wp.com\/cdnoticias.com\/wp-content\/uploads\/2022\/12\/presupuesto-2023-05-scaled.jpg?w=2400&amp;ssl=1 2400w\" sizes=\"auto, (max-width: 800px) 100vw, 800px\" \/><\/p>\n<p>&nbsp;<\/p>\n<p><span style=\"text-decoration: underline;\"><strong>Juventudes<\/strong><\/span><\/p>\n<p>&nbsp;<\/p>\n<p>\u201cNo sabemos bien cu\u00e1ndo se perdi\u00f3 esa <strong>direcci\u00f3n de Juventudes que no existe m\u00e1s<\/strong>. Existe un \u00e1rea fantasma que solo tiene como presupuesto <strong>500 mil pesos<\/strong>\u201d, indic\u00f3 la <strong>concejal Landivar<\/strong>.<\/p>\n<p>&nbsp;<\/p>\n<p>Agreg\u00f3: \u201cno figura que haya empleados en este programa, no figura una explicaci\u00f3n para este programa y esos 500 mil pesos se van en bienes de consumos y servicios, <strong>no sabemos qui\u00e9n lo gasta\u201d<\/strong>.<\/p>\n<p>&nbsp;<\/p>\n<p>Land\u00edvar lament\u00f3 \u201cno tener en cuenta un presupuesto para un \u00e1rea tan fundamental\u201d.<\/p>\n<p>&nbsp;<\/p>\n<p><span style=\"text-decoration: underline;\"><strong>Discapacidad y Adultos Mayores<\/strong><\/span><\/p>\n<p>&nbsp;<\/p>\n<p>\u201cHoy tampoco contamos con una direcci\u00f3n. S\u00ed, tenemos una directora para un \u00e1rea espec\u00edfica. <strong>Tiene un ajuste de m\u00e1s de 3 millones de pesos\u201d<\/strong>, afirm\u00f3.<\/p>\n<p>&nbsp;<\/p>\n<p>\u201cSi vamos a las redes sociales del Programa se pueden ver solo talleres informativos y la difusi\u00f3n de derechos. Eso es lo \u00fanico que tenemos en esta \u00e1rea hoy\u201d, agreg\u00f3.<\/p>\n<p>&nbsp;<\/p>\n<p><img data-recalc-dims=\"1\" loading=\"lazy\" decoding=\"async\" class=\"size-large wp-image-73376 aligncenter\" src=\"https:\/\/i0.wp.com\/cdnoticias.com\/wp-content\/uploads\/2022\/12\/creimer-presupuesto-2023-02.jpg?resize=800%2C445&#038;ssl=1\" alt=\"\" width=\"800\" height=\"445\" srcset=\"https:\/\/i0.wp.com\/cdnoticias.com\/wp-content\/uploads\/2022\/12\/creimer-presupuesto-2023-02-scaled.jpg?resize=1024%2C570&amp;ssl=1 1024w, https:\/\/i0.wp.com\/cdnoticias.com\/wp-content\/uploads\/2022\/12\/creimer-presupuesto-2023-02-scaled.jpg?resize=300%2C167&amp;ssl=1 300w, https:\/\/i0.wp.com\/cdnoticias.com\/wp-content\/uploads\/2022\/12\/creimer-presupuesto-2023-02-scaled.jpg?resize=768%2C427&amp;ssl=1 768w, https:\/\/i0.wp.com\/cdnoticias.com\/wp-content\/uploads\/2022\/12\/creimer-presupuesto-2023-02-scaled.jpg?resize=1536%2C855&amp;ssl=1 1536w, https:\/\/i0.wp.com\/cdnoticias.com\/wp-content\/uploads\/2022\/12\/creimer-presupuesto-2023-02-scaled.jpg?resize=2048%2C1140&amp;ssl=1 2048w, https:\/\/i0.wp.com\/cdnoticias.com\/wp-content\/uploads\/2022\/12\/creimer-presupuesto-2023-02-scaled.jpg?resize=800%2C445&amp;ssl=1 800w, https:\/\/i0.wp.com\/cdnoticias.com\/wp-content\/uploads\/2022\/12\/creimer-presupuesto-2023-02-scaled.jpg?w=1600&amp;ssl=1 1600w, https:\/\/i0.wp.com\/cdnoticias.com\/wp-content\/uploads\/2022\/12\/creimer-presupuesto-2023-02-scaled.jpg?w=2400&amp;ssl=1 2400w\" sizes=\"auto, (max-width: 800px) 100vw, 800px\" \/><\/p>\n<p>&nbsp;<\/p>\n<p><span style=\"text-decoration: underline;\"><strong>G\u00e9nero<\/strong><\/span><\/p>\n<p>&nbsp;<\/p>\n<p><strong>In\u00e9s Creimer<\/strong> sintetiz\u00f3 que \u201chay dos puntos que no le permiten a la mujer salir de su domicilio cuando est\u00e1 atravesada por una situaci\u00f3n de violencia de g\u00e9nero: el trabajo y la vivienda\u201d. En ese sentido, indic\u00f3 que el intendente Ezequiel Galli \u201cprometi\u00f3 hace unos tres a\u00f1os la construcci\u00f3n de dos viviendas por a\u00f1o para mujeres que atraviesan situaciones de violencia de genero. <strong>En la descripci\u00f3n de las obras no est\u00e1 la construcci\u00f3n de las dos viviendas que corresponden\u201d<\/strong>.<\/p>\n<p>&nbsp;<\/p>\n<blockquote><p>Respecto a la cuesti\u00f3n econ\u00f3mica indic\u00f3 que \u201cexiste por ordenanza un subsidio que se le otorga a las mujeres, ese subsidio tiene un monto y por segundo a\u00f1o consecutivo identificamos que no se actualiza en el momento que debe ser actualizado, va atado a la Asignaci\u00f3n Universal por Hijo\u201d.<\/p><\/blockquote>\n<p>&nbsp;<\/p>\n<p>Por \u00faltimo, indic\u00f3 que<strong> \u201cvemos como a\u00f1o a a\u00f1o se va vaciando el Consultorio Inclusivo\u201d<\/strong>.<\/p>\n<p>&nbsp;<\/p>\n<p><span style=\"text-decoration: underline;\"><strong>Salud<\/strong><\/span><\/p>\n<p>&nbsp;<\/p>\n<p><strong>Natalia \u00c1lvarez<\/strong> hizo referencia al \u00e1rea de salud y remarc\u00f3 que <strong>\u201cqued\u00f3 claro que el objetivo es no mejorar absolutamente nada\u201d.<\/strong><\/p>\n<p>&nbsp;<\/p>\n<p>\u201cDe los 6.650 millones presupuestados 5.300 millones van a estar destinados al Hospital Municipal, es decir <strong>un 78% va a ir al Hospital provocando una concentraci\u00f3n<\/strong> en lo que tiene que ver con curar la enfermedad\u201d indic\u00f3.<\/p>\n<p>&nbsp;<\/p>\n<blockquote><p>\u201cUna vez m\u00e1s volvemos a concentrar los recursos en el Hospital. Y de estos recursos la gran mayor\u00eda va a estar destinado al personal, pero no con una ampliaci\u00f3n del personal\u201d, a\u00f1adi\u00f3.<\/p><\/blockquote>\n<p>&nbsp;<\/p>\n<p><img data-recalc-dims=\"1\" loading=\"lazy\" decoding=\"async\" class=\"size-large wp-image-73374 aligncenter\" src=\"https:\/\/i0.wp.com\/cdnoticias.com\/wp-content\/uploads\/2022\/12\/alvarez-presupuesto-2023-03.jpg?resize=800%2C445&#038;ssl=1\" alt=\"\" width=\"800\" height=\"445\" srcset=\"https:\/\/i0.wp.com\/cdnoticias.com\/wp-content\/uploads\/2022\/12\/alvarez-presupuesto-2023-03-scaled.jpg?resize=1024%2C570&amp;ssl=1 1024w, https:\/\/i0.wp.com\/cdnoticias.com\/wp-content\/uploads\/2022\/12\/alvarez-presupuesto-2023-03-scaled.jpg?resize=300%2C167&amp;ssl=1 300w, https:\/\/i0.wp.com\/cdnoticias.com\/wp-content\/uploads\/2022\/12\/alvarez-presupuesto-2023-03-scaled.jpg?resize=768%2C427&amp;ssl=1 768w, https:\/\/i0.wp.com\/cdnoticias.com\/wp-content\/uploads\/2022\/12\/alvarez-presupuesto-2023-03-scaled.jpg?resize=1536%2C854&amp;ssl=1 1536w, https:\/\/i0.wp.com\/cdnoticias.com\/wp-content\/uploads\/2022\/12\/alvarez-presupuesto-2023-03-scaled.jpg?resize=2048%2C1139&amp;ssl=1 2048w, https:\/\/i0.wp.com\/cdnoticias.com\/wp-content\/uploads\/2022\/12\/alvarez-presupuesto-2023-03-scaled.jpg?resize=800%2C445&amp;ssl=1 800w, https:\/\/i0.wp.com\/cdnoticias.com\/wp-content\/uploads\/2022\/12\/alvarez-presupuesto-2023-03-scaled.jpg?w=1600&amp;ssl=1 1600w, https:\/\/i0.wp.com\/cdnoticias.com\/wp-content\/uploads\/2022\/12\/alvarez-presupuesto-2023-03-scaled.jpg?w=2400&amp;ssl=1 2400w\" sizes=\"auto, (max-width: 800px) 100vw, 800px\" \/><\/p>\n<p>&nbsp;<\/p>\n<p>En referencia a este punto, \u00c1lvarez resalt\u00f3 que \u201cen los<strong> Hospitales de las localidades<\/strong> entre el 90 y el 97% va a ser para personal pero no se va a ampliar la cantidad de personal sino que a\u00f1o a a\u00f1o se va achicando el plantel\u201d.<\/p>\n<p>&nbsp;<\/p>\n<p>En cuanto a <strong>obras de infraestructura<\/strong> afirm\u00f3 que <a href=\"https:\/\/cdnoticias.com\/index.php\/2022\/12\/26\/licitan-la-ampliacion-del-caps-7-de-barrio-independencia\/\" target=\"_blank\" rel=\"noopener\">\u201clo \u00fanico que se va a terminar es la ampliaci\u00f3n del CAPS 7\u201d<\/a>. En relaci\u00f3n a la <a href=\"https:\/\/cdnoticias.com\/index.php\/2022\/12\/12\/reforma-y-ampliacion-para-el-sector-de-psiquiatria-en-el-hospital-municipal\/\" target=\"_blank\" rel=\"noopener\">ampliaci\u00f3n de la parte de Psiquiatr\u00eda del Hospital<\/a> \u201cse va a terminar reci\u00e9n en el 2025\u201d y la ampliaci\u00f3n del \u00e1rea de Internaci\u00f3n \u201ceste a\u00f1o se hace menos de un 50%\u201d.<\/p>\n<p>&nbsp;<\/p>\n<p><span style=\"text-decoration: underline;\"><strong>Localidades<\/strong><\/span><\/p>\n<p>&nbsp;<\/p>\n<p>En referencia a esta \u00e1rea, <strong>Telma Cazot resalt\u00f3 que \u201cpara las delegaciones lo destinado representa el 1,37% del Presupuesto total\u201d<\/strong>.<\/p>\n<p>&nbsp;<\/p>\n<p>En el an\u00e1lisis de esta partida, destac\u00f3 que <strong>\u201chay pocas obras para las localidades<\/strong>, algunas no tienen obras presupuestadas como Loma Negra y Sierra Chica. Hay pocas obras en Sierras Bayas y corresponden a la venta de la calle a Cementos Avellaneda\u201d. En referencia a la playa de camiones de Sierras Bayas, indic\u00f3 que <a href=\"https:\/\/cdnoticias.com\/index.php\/2021\/11\/19\/la-fio-busca-revalorizar-el-espacio-publico-desde-la-playa-de-camiones-proyectada-en-sierras-bayas\/\" target=\"_blank\" rel=\"noopener\">se presupuest\u00f3 en 2022<\/a> y no se hizo, y se volvi\u00f3 a incluir en 2023, pero con menos cantidad de fondos.<\/p>\n<p>&nbsp;<\/p>\n<blockquote><p>Asimismo, Cazot resalt\u00f3 que \u201csolamente el 9,8% de lo recaudado por el Impuesto a la Piedra vuelve a las localidades en obras\u201d.<\/p><\/blockquote>\n<p>&nbsp;<\/p>\n<p><img data-recalc-dims=\"1\" loading=\"lazy\" decoding=\"async\" class=\"size-large wp-image-73375 aligncenter\" src=\"https:\/\/i0.wp.com\/cdnoticias.com\/wp-content\/uploads\/2022\/12\/cazot-presupuesto-2023-04.jpg?resize=800%2C445&#038;ssl=1\" alt=\"\" width=\"800\" height=\"445\" srcset=\"https:\/\/i0.wp.com\/cdnoticias.com\/wp-content\/uploads\/2022\/12\/cazot-presupuesto-2023-04-scaled.jpg?resize=1024%2C570&amp;ssl=1 1024w, https:\/\/i0.wp.com\/cdnoticias.com\/wp-content\/uploads\/2022\/12\/cazot-presupuesto-2023-04-scaled.jpg?resize=300%2C167&amp;ssl=1 300w, https:\/\/i0.wp.com\/cdnoticias.com\/wp-content\/uploads\/2022\/12\/cazot-presupuesto-2023-04-scaled.jpg?resize=768%2C427&amp;ssl=1 768w, https:\/\/i0.wp.com\/cdnoticias.com\/wp-content\/uploads\/2022\/12\/cazot-presupuesto-2023-04-scaled.jpg?resize=1536%2C855&amp;ssl=1 1536w, https:\/\/i0.wp.com\/cdnoticias.com\/wp-content\/uploads\/2022\/12\/cazot-presupuesto-2023-04-scaled.jpg?resize=2048%2C1140&amp;ssl=1 2048w, https:\/\/i0.wp.com\/cdnoticias.com\/wp-content\/uploads\/2022\/12\/cazot-presupuesto-2023-04-scaled.jpg?resize=800%2C445&amp;ssl=1 800w, https:\/\/i0.wp.com\/cdnoticias.com\/wp-content\/uploads\/2022\/12\/cazot-presupuesto-2023-04-scaled.jpg?w=1600&amp;ssl=1 1600w, https:\/\/i0.wp.com\/cdnoticias.com\/wp-content\/uploads\/2022\/12\/cazot-presupuesto-2023-04-scaled.jpg?w=2400&amp;ssl=1 2400w\" sizes=\"auto, (max-width: 800px) 100vw, 800px\" \/><\/p>\n<p>&nbsp;<\/p>\n<p>M\u00e1s adelante, <strong>Ubaldo Garc\u00eda se refiri\u00f3 al \u201cajuste en las delegaciones\u201d<\/strong> con el an\u00e1lisis del presupuesto asignado a cada delegaci\u00f3n de localidad.<\/p>\n<p>&nbsp;<\/p>\n<p>En cada punto, contrast\u00f3 que mientras el promedio de ingresos municipales entre el presupuesto 2022 y el del a\u00f1o pr\u00f3ximo subi\u00f3 128%, las partidas para las delegaciones aumentaron en porcentaje mucho menores. <strong>\u201cEn total las localidades van a perder 72 millones\u201d<\/strong> calcul\u00f3.<\/p>\n<p>&nbsp;<\/p>\n<p>\u201cDadas las cifras de las delegaciones son montos muy significativos.<strong> Va a afectar el funcionamiento que luego, durante el a\u00f1o se traduce en los reclamos permanentes de los vecinos<\/strong> de las localidades\u201d estim\u00f3 Garc\u00eda.<\/p>\n<p>&nbsp;<\/p>\n<p><span style=\"text-decoration: underline;\"><strong>Obras p\u00fablicas<\/strong><\/span><\/p>\n<p>&nbsp;<\/p>\n<p><strong>Mercedes Land\u00edvar<\/strong> record\u00f3 que \u201cdicen que se va a hacer una obra por semana. Es un lindo t\u00edtulo pero que no plasma la realidad del presupuesto\u201d.<\/p>\n<p>&nbsp;<\/p>\n<p><strong>\u201cNo se han escuchado reclamos hist\u00f3ricos de los m\u00e1s de 60 barrios de la ciudad\u201d<\/strong> evalu\u00f3 sobre las obras previstas para el a\u00f1o que viene, \u201ciluminaci\u00f3n, pavimentaci\u00f3n, mantenimiento de espacios p\u00fablicos, que no se ven en el presupuesto\u201d. <strong>\u201cHay una sola obra que se ve plasmada, el cord\u00f3n cuneta del barrio Carlos Pellegrini<\/strong>, que se ha reclamado en m\u00e1s de una sesi\u00f3n\u201d reconoci\u00f3.<\/p>\n<p>&nbsp;<\/p>\n<blockquote><p>\u201cVemos prioridades que no son prioridades para los vecinos, como las luminarias de los puentes colgantes o el monumento al trabajador\u201d dijo Land\u00edvar y enumer\u00f3 los montos previstos en cada caso. \u201cLas prioridades tienen que ver con otra cosa, seguramente con un a\u00f1o electoral\u201d afirm\u00f3.<\/p><\/blockquote>\n<p>&nbsp;<\/p>\n<p><img data-recalc-dims=\"1\" loading=\"lazy\" decoding=\"async\" class=\"size-large wp-image-73382 aligncenter\" src=\"https:\/\/i0.wp.com\/cdnoticias.com\/wp-content\/uploads\/2022\/12\/ubaldo-presupuesto-2023-04.jpg?resize=800%2C445&#038;ssl=1\" alt=\"\" width=\"800\" height=\"445\" srcset=\"https:\/\/i0.wp.com\/cdnoticias.com\/wp-content\/uploads\/2022\/12\/ubaldo-presupuesto-2023-04-scaled.jpg?resize=1024%2C570&amp;ssl=1 1024w, https:\/\/i0.wp.com\/cdnoticias.com\/wp-content\/uploads\/2022\/12\/ubaldo-presupuesto-2023-04-scaled.jpg?resize=300%2C167&amp;ssl=1 300w, https:\/\/i0.wp.com\/cdnoticias.com\/wp-content\/uploads\/2022\/12\/ubaldo-presupuesto-2023-04-scaled.jpg?resize=768%2C427&amp;ssl=1 768w, https:\/\/i0.wp.com\/cdnoticias.com\/wp-content\/uploads\/2022\/12\/ubaldo-presupuesto-2023-04-scaled.jpg?resize=1536%2C854&amp;ssl=1 1536w, https:\/\/i0.wp.com\/cdnoticias.com\/wp-content\/uploads\/2022\/12\/ubaldo-presupuesto-2023-04-scaled.jpg?resize=2048%2C1139&amp;ssl=1 2048w, https:\/\/i0.wp.com\/cdnoticias.com\/wp-content\/uploads\/2022\/12\/ubaldo-presupuesto-2023-04-scaled.jpg?resize=800%2C445&amp;ssl=1 800w, https:\/\/i0.wp.com\/cdnoticias.com\/wp-content\/uploads\/2022\/12\/ubaldo-presupuesto-2023-04-scaled.jpg?w=1600&amp;ssl=1 1600w, https:\/\/i0.wp.com\/cdnoticias.com\/wp-content\/uploads\/2022\/12\/ubaldo-presupuesto-2023-04-scaled.jpg?w=2400&amp;ssl=1 2400w\" sizes=\"auto, (max-width: 800px) 100vw, 800px\" \/><\/p>\n<p>&nbsp;<\/p>\n<p>M\u00e1s adelante, <strong>Ubaldo Garc\u00eda<\/strong> explic\u00f3 que la relaci\u00f3n de <strong>inversi\u00f3n real directa<\/strong> con los ingresos municipales fue de 4,20% en 2020, \u201clo m\u00e1s bajo hist\u00f3ricamente en Olavarr\u00eda\u201d defini\u00f3 para se\u00f1alar que el promedio general es 20%.\u00a0<strong>\u201cHoy est\u00e1 en 13,13%, la cifra sigue siendo baj\u00edsima.<\/strong> Las obras que quedaron sin hacer por la pandemia, debieron incluirse ahora. Pero no, ni siquiera se programa lo de todos los a\u00f1os\u201d expuso el concejal.<\/p>\n<p>&nbsp;<\/p>\n<p>Luego, <strong>Maximiliano Wesner<\/strong> ahond\u00f3 sobre el mismo tema para explicar: \u201cen 2015 Olavarr\u00eda ten\u00eda una inversi\u00f3n real directa de poco m\u00e1s de 20%. De cada peso que entraba m\u00e1s de 20 centavos se destinaban a obra p\u00fablica. <strong>Hoy apenas 13 centavos de cada peso que ingresa se destinar\u00e1n a obra p\u00fablica\u201d<\/strong>.<\/p>\n<p>&nbsp;<\/p>\n<p><span style=\"text-decoration: underline;\"><strong>Recursos<\/strong><\/span><\/p>\n<p>&nbsp;<\/p>\n<p><strong>Ubaldo Garc\u00eda<\/strong> se refiri\u00f3 a los ingresos que se previeron para 2023 en Olavarr\u00eda. <strong>\u201cVemos que en coparticipaci\u00f3n ha tenido ingreso mayor en 149%, por encima de la inflaci\u00f3n, y el Fondo Educativo se triplic\u00f3\u201d<\/strong>. Interpret\u00f3 que estos aumentos de fondos \u201cle dan una capacidad de maniobra al Municipio que es muy importante y lamentablemente no la vemos plasmada en cada \u00e1rea\u201d.<\/p>\n<p>&nbsp;<\/p>\n<p>Sobre los recursos propios dijo que otorgan al Intendente \u201cla <strong>posibilidad de bajarle la carga tributaria a los vecinos<\/strong> y apuntalar los gastos con la coparticipaci\u00f3n. No lo ha hecho\u201d<\/p>\n<p>&nbsp;<\/p>\n<p>\u201cEn el <strong>Derecho de Explotaci\u00f3n de Canteras<\/strong>, se ha perdido en la participaci\u00f3n en el ingreso presupuestario el 1,5%. Hablamos de m\u00e1s de 200 millones de pesos. <strong>Este ajuste que se hizo, nos preocupa porque eso se puede volcar a disminuir la carga tributaria de los vecinos\u201d<\/strong>. A modo de ejemplo, cit\u00f3 que las patentes de veh\u00edculos aumentaron su incidencia en el presupuesto: pasa de 1,47% a 1,74%.<\/p>\n<p>&nbsp;<\/p>\n<p>En ese contexto, el contador Garc\u00eda se refiri\u00f3 al segundo proyecto que estar\u00e1 en tratamiento en la sesi\u00f3n de este martes, sobre la <strong>eliminaci\u00f3n de tasas. \u201cEstamos a favor.<\/strong> Pero cuando se anuncia como la soluci\u00f3n al tema, significa solamente 7,5 millones de pesos que deja de recaudar. Cuando en la tasa de disposici\u00f3n de contenedores pasa de 4 millones a 13 millones. Con esa tasa ya recuper\u00f3 lo que baj\u00f3 en otras\u201d subray\u00f3.<\/p>\n<p>&nbsp;<\/p>\n<p><img data-recalc-dims=\"1\" loading=\"lazy\" decoding=\"async\" class=\"size-large wp-image-73381 aligncenter\" src=\"https:\/\/i0.wp.com\/cdnoticias.com\/wp-content\/uploads\/2022\/12\/sarachu-presupuesto-2023-06.jpg?resize=800%2C445&#038;ssl=1\" alt=\"\" width=\"800\" height=\"445\" srcset=\"https:\/\/i0.wp.com\/cdnoticias.com\/wp-content\/uploads\/2022\/12\/sarachu-presupuesto-2023-06-scaled.jpg?resize=1024%2C570&amp;ssl=1 1024w, https:\/\/i0.wp.com\/cdnoticias.com\/wp-content\/uploads\/2022\/12\/sarachu-presupuesto-2023-06-scaled.jpg?resize=300%2C167&amp;ssl=1 300w, https:\/\/i0.wp.com\/cdnoticias.com\/wp-content\/uploads\/2022\/12\/sarachu-presupuesto-2023-06-scaled.jpg?resize=768%2C427&amp;ssl=1 768w, https:\/\/i0.wp.com\/cdnoticias.com\/wp-content\/uploads\/2022\/12\/sarachu-presupuesto-2023-06-scaled.jpg?resize=1536%2C855&amp;ssl=1 1536w, https:\/\/i0.wp.com\/cdnoticias.com\/wp-content\/uploads\/2022\/12\/sarachu-presupuesto-2023-06-scaled.jpg?resize=2048%2C1140&amp;ssl=1 2048w, https:\/\/i0.wp.com\/cdnoticias.com\/wp-content\/uploads\/2022\/12\/sarachu-presupuesto-2023-06-scaled.jpg?resize=800%2C445&amp;ssl=1 800w, https:\/\/i0.wp.com\/cdnoticias.com\/wp-content\/uploads\/2022\/12\/sarachu-presupuesto-2023-06-scaled.jpg?w=1600&amp;ssl=1 1600w, https:\/\/i0.wp.com\/cdnoticias.com\/wp-content\/uploads\/2022\/12\/sarachu-presupuesto-2023-06-scaled.jpg?w=2400&amp;ssl=1 2400w\" sizes=\"auto, (max-width: 800px) 100vw, 800px\" \/><\/p>\n<p>&nbsp;<\/p>\n<p><span style=\"text-decoration: underline;\"><strong>Control de gastos<\/strong><\/span><\/p>\n<p>&nbsp;<\/p>\n<p><strong>Gast\u00f3n Sarachu<\/strong> se refiri\u00f3 a la <a href=\"https:\/\/cdnoticias.com\/index.php\/2022\/11\/17\/venta-de-calle-a-cementos-avellaneda-la-comision-de-seguimiento-advirtio-falta-de-informacion\/\" target=\"_blank\" rel=\"noopener\">comisi\u00f3n especial del Concejo Deliberante<\/a> que preside para el <strong>control y seguimiento de recursos por la venta de la calle a Cementos Avellaneda<\/strong> que ingresaron al Municipio. Fueron 165.963.831 pesos que la Municipalidad percibi\u00f3 en enero de este a\u00f1o.<\/p>\n<p>&nbsp;<\/p>\n<p>\u201cEn los hechos fue de dif\u00edcil funcionamiento\u201d dijo en referencia a la comisi\u00f3n especial, \u201cal <strong>no contar con la informaci\u00f3n suficiente y en tiempo real<\/strong>, fue para toda la comisi\u00f3n muy dif\u00edcil hacer una estimaci\u00f3n de qu\u00e9 y c\u00f3mo estaba gastando el municipio\u201d.<\/p>\n<p>&nbsp;<\/p>\n<blockquote><p>Para el concejal Sarachu, \u201cel Municipio decidi\u00f3 arbitrariamente no gastar esos recursos. Guard\u00f3 el dinero, no hizo la obra y no me parece que sea casualidad. Cuanto m\u00e1s nos acercamos al calendario electoral es una obra m\u00e1s para inaugurar y mostrar\u201d.<\/p><\/blockquote>\n<p>&nbsp;<\/p>\n<p><img data-recalc-dims=\"1\" loading=\"lazy\" decoding=\"async\" class=\"size-large wp-image-73380 aligncenter\" src=\"https:\/\/i0.wp.com\/cdnoticias.com\/wp-content\/uploads\/2022\/12\/sanchez-presupuesto-2023-08.jpg?resize=800%2C445&#038;ssl=1\" alt=\"\" width=\"800\" height=\"445\" srcset=\"https:\/\/i0.wp.com\/cdnoticias.com\/wp-content\/uploads\/2022\/12\/sanchez-presupuesto-2023-08-scaled.jpg?resize=1024%2C570&amp;ssl=1 1024w, https:\/\/i0.wp.com\/cdnoticias.com\/wp-content\/uploads\/2022\/12\/sanchez-presupuesto-2023-08-scaled.jpg?resize=300%2C167&amp;ssl=1 300w, https:\/\/i0.wp.com\/cdnoticias.com\/wp-content\/uploads\/2022\/12\/sanchez-presupuesto-2023-08-scaled.jpg?resize=768%2C427&amp;ssl=1 768w, https:\/\/i0.wp.com\/cdnoticias.com\/wp-content\/uploads\/2022\/12\/sanchez-presupuesto-2023-08-scaled.jpg?resize=1536%2C855&amp;ssl=1 1536w, https:\/\/i0.wp.com\/cdnoticias.com\/wp-content\/uploads\/2022\/12\/sanchez-presupuesto-2023-08-scaled.jpg?resize=2048%2C1140&amp;ssl=1 2048w, https:\/\/i0.wp.com\/cdnoticias.com\/wp-content\/uploads\/2022\/12\/sanchez-presupuesto-2023-08-scaled.jpg?resize=800%2C445&amp;ssl=1 800w, https:\/\/i0.wp.com\/cdnoticias.com\/wp-content\/uploads\/2022\/12\/sanchez-presupuesto-2023-08-scaled.jpg?w=1600&amp;ssl=1 1600w, https:\/\/i0.wp.com\/cdnoticias.com\/wp-content\/uploads\/2022\/12\/sanchez-presupuesto-2023-08-scaled.jpg?w=2400&amp;ssl=1 2400w\" sizes=\"auto, (max-width: 800px) 100vw, 800px\" \/><\/p>\n<p>&nbsp;<\/p>\n<p><span style=\"text-decoration: underline;\"><strong>Trabajo y empleo<\/strong><\/span><\/p>\n<p>&nbsp;<\/p>\n<p><strong>Juan S\u00e1nchez<\/strong> fue uno de los \u00faltimos oradores, y expres\u00f3 que \u201c<strong>trabajo, generaci\u00f3n de empleo, innovaci\u00f3n tecnol\u00f3gica, capacitaci\u00f3n de recursos humanos\u201d<\/strong> eran sus temas de exposici\u00f3n, \u201cpero lamentablemente este a\u00f1o no hay nada en este presupuesto\u201d.<\/p>\n<p>&nbsp;<\/p>\n<p><strong>\u201cLos trabajos y los trabajadores siguen siendo relegados en esta gesti\u00f3n del intendente Galli\u201d<\/strong> cerr\u00f3.<\/p>\n<p>&nbsp;<\/p>\n","protected":false},"excerpt":{"rendered":"<p>Los integrantes del interbloque Frente de Todos expusieron sus cr\u00edticas sobre lo previsto para el a\u00f1o que viene en materia<\/p>\n","protected":false},"author":4,"featured_media":73374,"comment_status":"closed","ping_status":"closed","sticky":false,"template":"","format":"standard","meta":{"_jetpack_memberships_contains_paid_content":false,"footnotes":""},"categories":[4,1],"tags":[],"class_list":["post-73388","post","type-post","status-publish","format-standard","has-post-thumbnail","hentry","category-politica","category-portada"],"jetpack_featured_media_url":"https:\/\/i0.wp.com\/cdnoticias.com\/wp-content\/uploads\/2022\/12\/alvarez-presupuesto-2023-03-scaled.jpg?fit=2560%2C1424&ssl=1","jetpack_sharing_enabled":true,"_links":{"self":[{"href":"https:\/\/cdnoticias.com\/index.php\/wp-json\/wp\/v2\/posts\/73388","targetHints":{"allow":["GET"]}}],"collection":[{"href":"https:\/\/cdnoticias.com\/index.php\/wp-json\/wp\/v2\/posts"}],"about":[{"href":"https:\/\/cdnoticias.com\/index.php\/wp-json\/wp\/v2\/types\/post"}],"author":[{"embeddable":true,"href":"https:\/\/cdnoticias.com\/index.php\/wp-json\/wp\/v2\/users\/4"}],"replies":[{"embeddable":true,"href":"https:\/\/cdnoticias.com\/index.php\/wp-json\/wp\/v2\/comments?post=73388"}],"version-history":[{"count":0,"href":"https:\/\/cdnoticias.com\/index.php\/wp-json\/wp\/v2\/posts\/73388\/revisions"}],"wp:featuredmedia":[{"embeddable":true,"href":"https:\/\/cdnoticias.com\/index.php\/wp-json\/wp\/v2\/media\/73374"}],"wp:attachment":[{"href":"https:\/\/cdnoticias.com\/index.php\/wp-json\/wp\/v2\/media?parent=73388"}],"wp:term":[{"taxonomy":"category","embeddable":true,"href":"https:\/\/cdnoticias.com\/index.php\/wp-json\/wp\/v2\/categories?post=73388"},{"taxonomy":"post_tag","embeddable":true,"href":"https:\/\/cdnoticias.com\/index.php\/wp-json\/wp\/v2\/tags?post=73388"}],"curies":[{"name":"wp","href":"https:\/\/api.w.org\/{rel}","templated":true}]}}