{"id":73367,"date":"2022-12-26T10:45:54","date_gmt":"2022-12-26T13:45:54","guid":{"rendered":"https:\/\/www.centraldenoticias.com.ar\/?p=73367"},"modified":"2022-12-26T15:03:22","modified_gmt":"2022-12-26T18:03:22","slug":"sesion-extraordinaria-los-concejales-trataran-el-presupuesto-2023","status":"publish","type":"post","link":"https:\/\/cdnoticias.com\/index.php\/2022\/12\/26\/sesion-extraordinaria-los-concejales-trataran-el-presupuesto-2023\/","title":{"rendered":"Sesi\u00f3n extraordinaria: los concejales tratar\u00e1n el Presupuesto 2023"},"content":{"rendered":"<p>Este lunes se realiz\u00f3 la reuni\u00f3n de Labor Parlamentaria. Adem\u00e1s se votar\u00e1 la modificaci\u00f3n de la ordenanza Fiscal e Impositiva.<!--more--><\/p>\n<hr \/>\n<p><strong>La presidenta del HCD, Cecilia Krivochen encabez\u00f3 este lunes la reuni\u00f3n de la comisi\u00f3n de Labor Parlamentaria<\/strong> con motivo de la sesi\u00f3n extraordinaria que tendr\u00e1 lugar este martes 27 a las 9 horas en el Sal\u00f3n de la Sociedad Espa\u00f1ola.<\/p>\n<p>&nbsp;<\/p>\n<p>La sesi\u00f3n extraordinaria fue <a href=\"https:\/\/cdnoticias.com\/index.php\/2022\/12\/14\/hcd-el-presupuesto-2023-sera-tratado-el-27-de-diciembre\/\" target=\"_blank\" rel=\"noopener\">convocada la semana pasada<\/a> para dar tratamiento al proyecto de<strong> Presupuesto 2023 y la modificaci\u00f3n de la ordenanza Fiscal e Impositiva.<\/strong><\/p>\n<p>&nbsp;<\/p>\n<blockquote><p>La presidenta del HCD destac\u00f3: \u201cel presupuesto presentado por el intendente Ezequiel Galli prev\u00e9 una inversi\u00f3n en obra p\u00fablica superior a los 2.400 millones de pesos lo que significa que el gobierno municipal llevar\u00e1 adelante m\u00e1s de cien obras en el a\u00f1o 2023\u201d.<\/p><\/blockquote>\n<p>&nbsp;<\/p>\n<p>Krivochen record\u00f3 que el <strong>presupuesto 2023 por un total de 18.998.727.000 pesos<\/strong>, fue elaborado tras un trabajo articulado de las distintas \u00e1reas del municipio y teniendo en consideraci\u00f3n una <a href=\"https:\/\/cdnoticias.com\/index.php\/2022\/12\/12\/presupuesto-2023-el-53-de-los-recursos-proyectados-son-de-origen-municipal\/\" target=\"_blank\" rel=\"noopener\">inflaci\u00f3n anual del 60% de acuerdo con la proyecci\u00f3n del presupuesto nacional<\/a>, y estimaciones provisorias de coparticipaci\u00f3n informadas al Departamento Ejecutivo Municipal por el Ministerio de Hacienda y Finanzas de la Provincia de Buenos Aires.<\/p>\n<p>&nbsp;<\/p>\n<p>Por otro lado, la presidenta del HCD celebr\u00f3 el <a href=\"https:\/\/cdnoticias.com\/index.php\/2022\/12\/01\/buscan-eliminar-tasas-para-fomentar-el-comercio-y-la-industria\/\" target=\"_blank\" rel=\"noopener\">proyecto de modificaci\u00f3n de la Ordenanza Fiscal e Impositiva<\/a> que <strong>derogar\u00e1 20 tasas y derechos para el 2023<\/strong>. \u201cEl intendente Ezequiel Galli entendi\u00f3 que el Estado debe generar las condiciones necesarias para atraer y fomentar inversiones en Olavarr\u00eda\u201d, dijo Krivochen.<\/p>\n<p>&nbsp;<\/p>\n<blockquote class=\"wp-embedded-content\" data-secret=\"hbUR5sncqp\"><p><a href=\"https:\/\/cdnoticias.com\/index.php\/2022\/12\/25\/endere-entendemos-que-no-hay-obstaculos-para-acompanar-el-presupuesto-2023\/\">Endere: \u201cEntendemos que no hay obst\u00e1culos para acompa\u00f1ar el Presupuesto 2023\u201d<\/a><\/p><\/blockquote>\n<p><iframe loading=\"lazy\" class=\"wp-embedded-content\" sandbox=\"allow-scripts\" security=\"restricted\" style=\"position: absolute; clip: rect(1px, 1px, 1px, 1px);\" title=\"&#8220;Endere: \u201cEntendemos que no hay obst\u00e1culos para acompa\u00f1ar el Presupuesto 2023\u201d&#8221; &#8212; Central de Noticias | Olavarr\u00eda\" src=\"https:\/\/cdnoticias.com\/index.php\/2022\/12\/25\/endere-entendemos-que-no-hay-obstaculos-para-acompanar-el-presupuesto-2023\/embed\/#?secret=sfzUqJvquG#?secret=hbUR5sncqp\" data-secret=\"hbUR5sncqp\" width=\"600\" height=\"338\" frameborder=\"0\" marginwidth=\"0\" marginheight=\"0\" scrolling=\"no\"><\/iframe><\/p>\n<p>&nbsp;<\/p>\n","protected":false},"excerpt":{"rendered":"<p>Este lunes se realiz\u00f3 la reuni\u00f3n de Labor Parlamentaria. Adem\u00e1s se votar\u00e1 la modificaci\u00f3n de la ordenanza Fiscal e Impositiva.<\/p>\n","protected":false},"author":4,"featured_media":73368,"comment_status":"closed","ping_status":"closed","sticky":false,"template":"","format":"standard","meta":{"_jetpack_memberships_contains_paid_content":false,"footnotes":""},"categories":[4,1],"tags":[],"class_list":["post-73367","post","type-post","status-publish","format-standard","has-post-thumbnail","hentry","category-politica","category-portada"],"jetpack_featured_media_url":"https:\/\/i0.wp.com\/cdnoticias.com\/wp-content\/uploads\/2022\/12\/HCD-labor-parlamentaria.jpg?fit=800%2C445&ssl=1","jetpack_sharing_enabled":true,"_links":{"self":[{"href":"https:\/\/cdnoticias.com\/index.php\/wp-json\/wp\/v2\/posts\/73367","targetHints":{"allow":["GET"]}}],"collection":[{"href":"https:\/\/cdnoticias.com\/index.php\/wp-json\/wp\/v2\/posts"}],"about":[{"href":"https:\/\/cdnoticias.com\/index.php\/wp-json\/wp\/v2\/types\/post"}],"author":[{"embeddable":true,"href":"https:\/\/cdnoticias.com\/index.php\/wp-json\/wp\/v2\/users\/4"}],"replies":[{"embeddable":true,"href":"https:\/\/cdnoticias.com\/index.php\/wp-json\/wp\/v2\/comments?post=73367"}],"version-history":[{"count":0,"href":"https:\/\/cdnoticias.com\/index.php\/wp-json\/wp\/v2\/posts\/73367\/revisions"}],"wp:featuredmedia":[{"embeddable":true,"href":"https:\/\/cdnoticias.com\/index.php\/wp-json\/wp\/v2\/media\/73368"}],"wp:attachment":[{"href":"https:\/\/cdnoticias.com\/index.php\/wp-json\/wp\/v2\/media?parent=73367"}],"wp:term":[{"taxonomy":"category","embeddable":true,"href":"https:\/\/cdnoticias.com\/index.php\/wp-json\/wp\/v2\/categories?post=73367"},{"taxonomy":"post_tag","embeddable":true,"href":"https:\/\/cdnoticias.com\/index.php\/wp-json\/wp\/v2\/tags?post=73367"}],"curies":[{"name":"wp","href":"https:\/\/api.w.org\/{rel}","templated":true}]}}