{"id":73327,"date":"2022-12-25T17:15:46","date_gmt":"2022-12-25T20:15:46","guid":{"rendered":"https:\/\/www.centraldenoticias.com.ar\/?p=73327"},"modified":"2022-12-25T17:15:46","modified_gmt":"2022-12-25T20:15:46","slug":"endere-entendemos-que-no-hay-obstaculos-para-acompanar-el-presupuesto-2023","status":"publish","type":"post","link":"https:\/\/cdnoticias.com\/index.php\/2022\/12\/25\/endere-entendemos-que-no-hay-obstaculos-para-acompanar-el-presupuesto-2023\/","title":{"rendered":"Endere: \u201cEntendemos que no hay obst\u00e1culos para acompa\u00f1ar el Presupuesto 2023\u201d"},"content":{"rendered":"<p>As\u00ed lo indic\u00f3 el concejal de Juntos de cara a la sesi\u00f3n extraordinaria donde se tratar\u00e1 el Presupuesto Municipal. Consideraron \u201cuna muestra de responsabilidad pol\u00edtica\u201d la aprobaci\u00f3n.<!--more--><\/p>\n<hr \/>\n<p>En la previa de la sesi\u00f3n extraordinaria de este martes donde el HCD tratar\u00e1 el Presupuesto Municipal 2023<strong> el presidente del bloque Juntos, Mart\u00edn Endere, se\u00f1al\u00f3 que no habr\u00eda inconvenientes para acompa\u00f1ar el proyecto y que significar\u00e1 \u201cuna muestra de responsabilidad pol\u00edtica\u201d.<\/strong><\/p>\n<p>&nbsp;<\/p>\n<p>En este sentido y tras el estudio del mismo, desde el bloque Juntos destacaron que<strong><em> \u201cqueda claro que salud, obras p\u00fablicas y el acompa\u00f1amiento a los vecinos son prioridades de esta gesti\u00f3n\u201d.<\/em><\/strong><\/p>\n<p>&nbsp;<\/p>\n<blockquote><p>Por su parte el concejal Juan Mujica caracteriz\u00f3 de \u201cresponsable\u201d el Presupuesto 2023, adem\u00e1s de resaltar el trabajo del equipo t\u00e9cnico del Municipio, en un contexto de inflaci\u00f3n constante que dificulta este tipo de tareas.<\/p><\/blockquote>\n<p>&nbsp;<\/p>\n<p>Se mencionaron como hitos para el a\u00f1o pr\u00f3ximo las obras del edificio nuevo para el Instituto Superior de Formaci\u00f3n Docente N\u00b0 47, la ampliaci\u00f3n del Hospital Municipal con la obra del \u00e1rea de Salud Mental, la construcci\u00f3n de nuevos edificios para jardines y las reformas y ampliaciones en escuelas, <em>\u201cproyectos que surgen de la escucha activa del Ejecutivo a los vecinos e instituciones a lo largo y ancho del Partido de Olavarr\u00eda&#8221;.<\/em><\/p>\n<p>&nbsp;<\/p>\n<p>En el mismo sentido, Endere mencion\u00f3 <em>\u201cOlavarr\u00eda se caracteriza por ser un Municipio que se viene gestionando con eficiencia, lo que implica m\u00e1s ahorro y eso se traduce en mayor cantidad de obras&#8221;<\/em>; agregando que<strong><em> \u201ces un Municipio que decide con plena autonom\u00eda las obras que realiza, pensando siempre en el vecino y en el crecimiento de todos\u201d.<\/em><\/strong><\/p>\n<p>&nbsp;<\/p>\n<p>Sobre las cr\u00edticas en a\u00f1os anteriores, el espacio de Juntos indic\u00f3 que <em>\u201cel tiempo ha demostrado que no han tenido sustento\u201d y esperan que \u201ctemas de bajo impacto econ\u00f3mico no impidan el an\u00e1lisis integral del Presupuesto\u201d.<\/em><\/p>\n<p>&nbsp;<\/p>\n<p>En este sentido, destacaron que<strong> los 20 concejales que conforman el cuerpo deliberativo han tenido acceso al RAFAM los 365 d\u00edas del a\u00f1o, adem\u00e1s de contar todos con el presupuesto, sumado a la entrevista con la Secretaria de Econom\u00eda y Hacienda del Municipio.<\/strong> Y tambi\u00e9n fueron atendidas las consultas adicionales presentadas por los ediles.<\/p>\n<p>&nbsp;<\/p>\n<p><strong><em>\u201cEntendemos que no hay obst\u00e1culos para acompa\u00f1arlo\u201d<\/em><\/strong>, expresaron desde el espacio oficialista. Asimismo, indicaron que el Presupuesto Municipal es una herramienta generadora de trabajo y mejoras para toda la comunidad olavarriense y consideraron una muestra de responsabilidad pol\u00edtica su aprobaci\u00f3n por parte del cuerpo deliberativo, <strong>lo que indicar\u00eda \u201cuna clara se\u00f1al de actitud propositiva\u201d.<\/strong><\/p>\n","protected":false},"excerpt":{"rendered":"<p>As\u00ed lo indic\u00f3 el concejal de Juntos de cara a la sesi\u00f3n extraordinaria donde se tratar\u00e1 el Presupuesto Municipal. Consideraron<\/p>\n","protected":false},"author":5,"featured_media":67086,"comment_status":"closed","ping_status":"closed","sticky":false,"template":"","format":"standard","meta":{"_jetpack_memberships_contains_paid_content":false,"footnotes":""},"categories":[4,1],"tags":[],"class_list":["post-73327","post","type-post","status-publish","format-standard","has-post-thumbnail","hentry","category-politica","category-portada"],"jetpack_featured_media_url":"https:\/\/i0.wp.com\/cdnoticias.com\/wp-content\/uploads\/2022\/10\/HCD-martin-endere.jpg?fit=800%2C445&ssl=1","jetpack_sharing_enabled":true,"_links":{"self":[{"href":"https:\/\/cdnoticias.com\/index.php\/wp-json\/wp\/v2\/posts\/73327","targetHints":{"allow":["GET"]}}],"collection":[{"href":"https:\/\/cdnoticias.com\/index.php\/wp-json\/wp\/v2\/posts"}],"about":[{"href":"https:\/\/cdnoticias.com\/index.php\/wp-json\/wp\/v2\/types\/post"}],"author":[{"embeddable":true,"href":"https:\/\/cdnoticias.com\/index.php\/wp-json\/wp\/v2\/users\/5"}],"replies":[{"embeddable":true,"href":"https:\/\/cdnoticias.com\/index.php\/wp-json\/wp\/v2\/comments?post=73327"}],"version-history":[{"count":0,"href":"https:\/\/cdnoticias.com\/index.php\/wp-json\/wp\/v2\/posts\/73327\/revisions"}],"wp:featuredmedia":[{"embeddable":true,"href":"https:\/\/cdnoticias.com\/index.php\/wp-json\/wp\/v2\/media\/67086"}],"wp:attachment":[{"href":"https:\/\/cdnoticias.com\/index.php\/wp-json\/wp\/v2\/media?parent=73327"}],"wp:term":[{"taxonomy":"category","embeddable":true,"href":"https:\/\/cdnoticias.com\/index.php\/wp-json\/wp\/v2\/categories?post=73327"},{"taxonomy":"post_tag","embeddable":true,"href":"https:\/\/cdnoticias.com\/index.php\/wp-json\/wp\/v2\/tags?post=73327"}],"curies":[{"name":"wp","href":"https:\/\/api.w.org\/{rel}","templated":true}]}}