{"id":73325,"date":"2022-12-25T11:29:48","date_gmt":"2022-12-25T14:29:48","guid":{"rendered":"https:\/\/www.centraldenoticias.com.ar\/?p=73325"},"modified":"2022-12-25T18:32:09","modified_gmt":"2022-12-25T21:32:09","slug":"por-una-pelea-vecinal-en-barrio-lourdes-hubo-cinco-heridos-dos-recibieron-disparos","status":"publish","type":"post","link":"https:\/\/cdnoticias.com\/index.php\/2022\/12\/25\/por-una-pelea-vecinal-en-barrio-lourdes-hubo-cinco-heridos-dos-recibieron-disparos\/","title":{"rendered":"Por una pelea vecinal en barrio Lourdes hubo cinco heridos: dos recibieron disparos"},"content":{"rendered":"<p>El hecho se produjo en la madrugada de este domingo. Por el hecho imputaron a un hombre mayor de edad y buscan a otro responsable de las agresiones.<!--more--><\/p>\n<hr \/>\n<p>En la madrugada de este domingo,<strong> una pelea vecinal deriv\u00f3 en que cinco personas terminaran con heridas de diversa consideraci\u00f3n.<\/strong> Del total, <strong>dos recibieron disparos de arma de fuego.<\/strong><\/p>\n<p>&nbsp;<\/p>\n<p><strong>El hecho se produjo en barrio Lourdes, m\u00e1s precisamente en Trabajadores al 700.<\/strong> All\u00ed, pasadas las 5 de la ma\u00f1ana, personal policial asisti\u00f3 por una llamada que daba cuenta de una importante pelea vecinal en el lugar.<\/p>\n<p>&nbsp;<\/p>\n<p>Al llegar al lugar, <strong>se requirieron ambulancias del SAME para trasladar al menos a cinco personas que ten\u00edan heridas de diversa \u00edndole: dos recibieron disparos de armas de fuego -sin riesgo de vida- y otras tres con golpes y contusiones producto de la confrontaci\u00f3n.<\/strong> Todos fueron atendidos en el Hospital Municipal.<\/p>\n<p>&nbsp;<\/p>\n<p>Por el hecho,<strong> aprehendieron e imputaron a un hombre mayor de edad, mientras que personal policial busca a un segundo autor que, luego de percatarse de la presencia policial, se dio a la fuga.<\/strong><\/p>\n<p>&nbsp;<\/p>\n<p>Adem\u00e1s de personal de Comando de Patrullas, tambi\u00e9n particip\u00f3 en apoyo personal de Control Urbano.<\/p>\n","protected":false},"excerpt":{"rendered":"<p>El hecho se produjo en la madrugada de este domingo. Por el hecho imputaron a un hombre mayor de edad<\/p>\n","protected":false},"author":5,"featured_media":3821,"comment_status":"closed","ping_status":"closed","sticky":false,"template":"","format":"standard","meta":{"_jetpack_memberships_contains_paid_content":false,"footnotes":""},"categories":[14,1],"tags":[],"class_list":["post-73325","post","type-post","status-publish","format-standard","has-post-thumbnail","hentry","category-policiales","category-portada"],"jetpack_featured_media_url":"https:\/\/i0.wp.com\/cdnoticias.com\/wp-content\/uploads\/2020\/10\/hospital-municipal.jpg?fit=4608%2C3072&ssl=1","jetpack_sharing_enabled":true,"_links":{"self":[{"href":"https:\/\/cdnoticias.com\/index.php\/wp-json\/wp\/v2\/posts\/73325","targetHints":{"allow":["GET"]}}],"collection":[{"href":"https:\/\/cdnoticias.com\/index.php\/wp-json\/wp\/v2\/posts"}],"about":[{"href":"https:\/\/cdnoticias.com\/index.php\/wp-json\/wp\/v2\/types\/post"}],"author":[{"embeddable":true,"href":"https:\/\/cdnoticias.com\/index.php\/wp-json\/wp\/v2\/users\/5"}],"replies":[{"embeddable":true,"href":"https:\/\/cdnoticias.com\/index.php\/wp-json\/wp\/v2\/comments?post=73325"}],"version-history":[{"count":0,"href":"https:\/\/cdnoticias.com\/index.php\/wp-json\/wp\/v2\/posts\/73325\/revisions"}],"wp:featuredmedia":[{"embeddable":true,"href":"https:\/\/cdnoticias.com\/index.php\/wp-json\/wp\/v2\/media\/3821"}],"wp:attachment":[{"href":"https:\/\/cdnoticias.com\/index.php\/wp-json\/wp\/v2\/media?parent=73325"}],"wp:term":[{"taxonomy":"category","embeddable":true,"href":"https:\/\/cdnoticias.com\/index.php\/wp-json\/wp\/v2\/categories?post=73325"},{"taxonomy":"post_tag","embeddable":true,"href":"https:\/\/cdnoticias.com\/index.php\/wp-json\/wp\/v2\/tags?post=73325"}],"curies":[{"name":"wp","href":"https:\/\/api.w.org\/{rel}","templated":true}]}}