{"id":73315,"date":"2022-12-25T09:10:40","date_gmt":"2022-12-25T12:10:40","guid":{"rendered":"https:\/\/www.centraldenoticias.com.ar\/?p=73315"},"modified":"2022-12-25T11:06:43","modified_gmt":"2022-12-25T14:06:43","slug":"domingo-de-navidad-nublado-y-fresco-en-olavarria","status":"publish","type":"post","link":"https:\/\/cdnoticias.com\/index.php\/2022\/12\/25\/domingo-de-navidad-nublado-y-fresco-en-olavarria\/","title":{"rendered":"Domingo de Navidad nublado y fresco en Olavarr\u00eda"},"content":{"rendered":"<p>El Servicio Meteorol\u00f3gico Nacional anticip\u00f3 una temperatura m\u00e1xima de 23\u00b0.<!--more--><\/p>\n<hr \/>\n<p>De acuerdo a las previsiones del Servicio Meteorol\u00f3gico Nacional (SMN), durante la jornada de este domingo de Navidad habr\u00e1 una <strong>temperatura m\u00ednima de 12\u00b0 y una m\u00e1xima de tan solo 23\u00b0.<\/strong><\/p>\n<p>&nbsp;<\/p>\n<p>Durante todo el d\u00eda el<strong> cielo estar\u00e1 parcialmente nublado<\/strong> y el viento soplar\u00e1 del sudoeste a 13 kil\u00f3metros.<\/p>\n<p>&nbsp;<\/p>\n<p>Para el<strong> lunes<\/strong> se espera que las temperaturas empiecen a aumentar: la m\u00ednima se ubica alrededor de los 8\u00b0 y la m\u00e1xima en los 28\u00b0. El <strong>martes<\/strong>, se presentar\u00e1 con una m\u00e1xima estimada en los 32\u00b0.<\/p>\n","protected":false},"excerpt":{"rendered":"<p>El Servicio Meteorol\u00f3gico Nacional anticip\u00f3 una temperatura m\u00e1xima de 23\u00b0.<\/p>\n","protected":false},"author":5,"featured_media":0,"comment_status":"closed","ping_status":"closed","sticky":false,"template":"","format":"standard","meta":{"_jetpack_memberships_contains_paid_content":false,"footnotes":""},"categories":[5,1],"tags":[],"class_list":["post-73315","post","type-post","status-publish","format-standard","hentry","category-informacion-general","category-portada"],"jetpack_featured_media_url":"","jetpack_sharing_enabled":true,"_links":{"self":[{"href":"https:\/\/cdnoticias.com\/index.php\/wp-json\/wp\/v2\/posts\/73315","targetHints":{"allow":["GET"]}}],"collection":[{"href":"https:\/\/cdnoticias.com\/index.php\/wp-json\/wp\/v2\/posts"}],"about":[{"href":"https:\/\/cdnoticias.com\/index.php\/wp-json\/wp\/v2\/types\/post"}],"author":[{"embeddable":true,"href":"https:\/\/cdnoticias.com\/index.php\/wp-json\/wp\/v2\/users\/5"}],"replies":[{"embeddable":true,"href":"https:\/\/cdnoticias.com\/index.php\/wp-json\/wp\/v2\/comments?post=73315"}],"version-history":[{"count":0,"href":"https:\/\/cdnoticias.com\/index.php\/wp-json\/wp\/v2\/posts\/73315\/revisions"}],"wp:attachment":[{"href":"https:\/\/cdnoticias.com\/index.php\/wp-json\/wp\/v2\/media?parent=73315"}],"wp:term":[{"taxonomy":"category","embeddable":true,"href":"https:\/\/cdnoticias.com\/index.php\/wp-json\/wp\/v2\/categories?post=73315"},{"taxonomy":"post_tag","embeddable":true,"href":"https:\/\/cdnoticias.com\/index.php\/wp-json\/wp\/v2\/tags?post=73315"}],"curies":[{"name":"wp","href":"https:\/\/api.w.org\/{rel}","templated":true}]}}