{"id":73308,"date":"2022-12-24T09:39:43","date_gmt":"2022-12-24T12:39:43","guid":{"rendered":"https:\/\/www.centraldenoticias.com.ar\/?p=73308"},"modified":"2022-12-24T16:58:21","modified_gmt":"2022-12-24T19:58:21","slug":"como-funcionara-el-transporte-publico-durante-las-fiestas","status":"publish","type":"post","link":"https:\/\/cdnoticias.com\/index.php\/2022\/12\/24\/como-funcionara-el-transporte-publico-durante-las-fiestas\/","title":{"rendered":"C\u00f3mo funcionar\u00e1 el transporte p\u00fablico durante las fiestas"},"content":{"rendered":"<p>Tanto el urbano como el interurbano ver\u00e1n modificados sus servicios.<!--more--><\/p>\n<hr \/>\n<p>Este s\u00e1bado se informaron las modificaciones en el horario de funcionamiento del <strong>transporte p\u00fablico de pasajeros.<\/strong><\/p>\n<p>&nbsp;<\/p>\n<p>Debido al cierre de los comercios previstos para las 16:00, <strong>el transporte urbano girar\u00e1 hasta las 18:00 y el interurbano hasta las 19:00.<\/strong><\/p>\n<p>&nbsp;<\/p>\n<p>En tanto, tras el pedido de la UTA se acord\u00f3 que<strong> no habr\u00e1 transporte p\u00fablico los d\u00edas 25 de diciembre y 1 de enero.<\/strong><\/p>\n","protected":false},"excerpt":{"rendered":"<p>Tanto el urbano como el interurbano ver\u00e1n modificados sus servicios.<\/p>\n","protected":false},"author":5,"featured_media":51078,"comment_status":"closed","ping_status":"closed","sticky":false,"template":"","format":"standard","meta":{"_jetpack_memberships_contains_paid_content":false,"footnotes":""},"categories":[5,1],"tags":[],"class_list":["post-73308","post","type-post","status-publish","format-standard","has-post-thumbnail","hentry","category-informacion-general","category-portada"],"jetpack_featured_media_url":"https:\/\/i0.wp.com\/cdnoticias.com\/wp-content\/uploads\/2022\/04\/colectivo-boleto-tu-bus-2.jpg?fit=800%2C445&ssl=1","jetpack_sharing_enabled":true,"_links":{"self":[{"href":"https:\/\/cdnoticias.com\/index.php\/wp-json\/wp\/v2\/posts\/73308","targetHints":{"allow":["GET"]}}],"collection":[{"href":"https:\/\/cdnoticias.com\/index.php\/wp-json\/wp\/v2\/posts"}],"about":[{"href":"https:\/\/cdnoticias.com\/index.php\/wp-json\/wp\/v2\/types\/post"}],"author":[{"embeddable":true,"href":"https:\/\/cdnoticias.com\/index.php\/wp-json\/wp\/v2\/users\/5"}],"replies":[{"embeddable":true,"href":"https:\/\/cdnoticias.com\/index.php\/wp-json\/wp\/v2\/comments?post=73308"}],"version-history":[{"count":0,"href":"https:\/\/cdnoticias.com\/index.php\/wp-json\/wp\/v2\/posts\/73308\/revisions"}],"wp:featuredmedia":[{"embeddable":true,"href":"https:\/\/cdnoticias.com\/index.php\/wp-json\/wp\/v2\/media\/51078"}],"wp:attachment":[{"href":"https:\/\/cdnoticias.com\/index.php\/wp-json\/wp\/v2\/media?parent=73308"}],"wp:term":[{"taxonomy":"category","embeddable":true,"href":"https:\/\/cdnoticias.com\/index.php\/wp-json\/wp\/v2\/categories?post=73308"},{"taxonomy":"post_tag","embeddable":true,"href":"https:\/\/cdnoticias.com\/index.php\/wp-json\/wp\/v2\/tags?post=73308"}],"curies":[{"name":"wp","href":"https:\/\/api.w.org\/{rel}","templated":true}]}}