{"id":73259,"date":"2022-12-23T12:00:27","date_gmt":"2022-12-23T15:00:27","guid":{"rendered":"https:\/\/www.centraldenoticias.com.ar\/?p=73259"},"modified":"2022-12-23T16:27:07","modified_gmt":"2022-12-23T19:27:07","slug":"se-construira-un-pileton-en-el-balneario-de-colonia-san-miguel","status":"publish","type":"post","link":"https:\/\/cdnoticias.com\/index.php\/2022\/12\/23\/se-construira-un-pileton-en-el-balneario-de-colonia-san-miguel\/","title":{"rendered":"Se construir\u00e1 un pilet\u00f3n en el balneario de Colonia San Miguel"},"content":{"rendered":"<p>La inversi\u00f3n prevista es de 19 millones de pesos. El 11 de enero se abrir\u00e1n las ofertas. \u00a0Se busca \u201cla puesta en valor de uno de los lugares preferidos por vecinos y visitantes de la regi\u00f3n\u201d.<!--more--><\/p>\n<hr \/>\n<p>La Secretar\u00eda de Mantenimiento y Obras P\u00fablicas de la Municipalidad convoc\u00f3 a la Licitaci\u00f3n P\u00fablica N\u00ba 64\/2022 para la <strong>\u201cConstrucci\u00f3n de Pilet\u00f3n en Balneario Colonia San Miguel\u201d.<\/strong><\/p>\n<p>&nbsp;<\/p>\n<p>El presupuesto oficial se fij\u00f3 en<strong> 19.000.000 pesos<\/strong>. Hasta el 6 de enero se venden los pliegos y <strong>el acto de apertura de ofertas se dispuso para el 11 de enero<\/strong> a las 10 en el Palacio San Mart\u00edn.<\/p>\n<p>&nbsp;<\/p>\n<p><img data-recalc-dims=\"1\" loading=\"lazy\" decoding=\"async\" class=\"size-large wp-image-64888 aligncenter\" src=\"https:\/\/i0.wp.com\/cdnoticias.com\/wp-content\/uploads\/2022\/09\/Obras-Anuncio-Colonia-San-Miguel-1-scaled-1.jpg?resize=800%2C534&#038;ssl=1\" alt=\"\" width=\"800\" height=\"534\" srcset=\"https:\/\/i0.wp.com\/cdnoticias.com\/wp-content\/uploads\/2022\/09\/Obras-Anuncio-Colonia-San-Miguel-1-scaled-1.jpg?resize=1024%2C684&amp;ssl=1 1024w, https:\/\/i0.wp.com\/cdnoticias.com\/wp-content\/uploads\/2022\/09\/Obras-Anuncio-Colonia-San-Miguel-1-scaled-1.jpg?resize=300%2C201&amp;ssl=1 300w, https:\/\/i0.wp.com\/cdnoticias.com\/wp-content\/uploads\/2022\/09\/Obras-Anuncio-Colonia-San-Miguel-1-scaled-1.jpg?resize=768%2C513&amp;ssl=1 768w, https:\/\/i0.wp.com\/cdnoticias.com\/wp-content\/uploads\/2022\/09\/Obras-Anuncio-Colonia-San-Miguel-1-scaled-1.jpg?resize=1536%2C1027&amp;ssl=1 1536w, https:\/\/i0.wp.com\/cdnoticias.com\/wp-content\/uploads\/2022\/09\/Obras-Anuncio-Colonia-San-Miguel-1-scaled-1.jpg?resize=2048%2C1369&amp;ssl=1 2048w, https:\/\/i0.wp.com\/cdnoticias.com\/wp-content\/uploads\/2022\/09\/Obras-Anuncio-Colonia-San-Miguel-1-scaled-1.jpg?resize=272%2C182&amp;ssl=1 272w, https:\/\/i0.wp.com\/cdnoticias.com\/wp-content\/uploads\/2022\/09\/Obras-Anuncio-Colonia-San-Miguel-1-scaled-1.jpg?w=1600&amp;ssl=1 1600w, https:\/\/i0.wp.com\/cdnoticias.com\/wp-content\/uploads\/2022\/09\/Obras-Anuncio-Colonia-San-Miguel-1-scaled-1.jpg?w=2400&amp;ssl=1 2400w\" sizes=\"auto, (max-width: 800px) 100vw, 800px\" \/><\/p>\n<p>&nbsp;<\/p>\n<blockquote><p>Desde el Municipio se destac\u00f3 que la obra en el Complejo Tur\u00edstico Recreativo de Colonia San Miguel tiene como objetivo \u201cla puesta en valor de uno de los lugares preferidos por vecinos y visitantes de la regi\u00f3n, donde se desarrollan m\u00faltiples actividades recreativas, culturales, deportivas\u201d.<\/p><\/blockquote>\n<p>&nbsp;<\/p>\n<p><strong>La pileta se construir\u00e1 en el sector de playa del balneario<\/strong>, sobre una de las m\u00e1rgenes del arroyo Nievas, que atraviesa el complejo, conformado por un amplio parque verde, con una gran arboleda, zona de camping y estacionamiento, parilla, buffet, y sanitarios.<\/p>\n<p>&nbsp;<\/p>\n<p><img data-recalc-dims=\"1\" loading=\"lazy\" decoding=\"async\" class=\"size-full wp-image-50280 aligncenter\" src=\"https:\/\/i0.wp.com\/cdnoticias.com\/wp-content\/uploads\/2022\/03\/colonia-san-miguel-balneario-01.jpg?resize=800%2C445&#038;ssl=1\" alt=\"\" width=\"800\" height=\"445\" srcset=\"https:\/\/i0.wp.com\/cdnoticias.com\/wp-content\/uploads\/2022\/03\/colonia-san-miguel-balneario-01.jpg?w=800&amp;ssl=1 800w, https:\/\/i0.wp.com\/cdnoticias.com\/wp-content\/uploads\/2022\/03\/colonia-san-miguel-balneario-01.jpg?resize=300%2C167&amp;ssl=1 300w, https:\/\/i0.wp.com\/cdnoticias.com\/wp-content\/uploads\/2022\/03\/colonia-san-miguel-balneario-01.jpg?resize=768%2C427&amp;ssl=1 768w\" sizes=\"auto, (max-width: 800px) 100vw, 800px\" \/><\/p>\n<p>&nbsp;<\/p>\n<p>La estructura del pilet\u00f3n se ubicar\u00e1 <strong>entre la confiter\u00eda y el arroyo<\/strong>. Desde la Secretar\u00eda de Mantenimiento y Obras P\u00fablicas se aclar\u00f3 a <strong>Central de Noticias<\/strong> que <strong>esta obra es la primera de varias etapas<\/strong> que se proyectan para el desarrollo de mejoras en el predio.<\/p>\n<p>&nbsp;<\/p>\n<p><a href=\"https:\/\/cdnoticias.com\/index.php\/2022\/09\/14\/ezequiel-galli-anuncio-la-construccion-de-un-pileton-en-el-complejo-turistico-recreativo-de-colonia-san-miguel\/\" target=\"_blank\" rel=\"noopener\">Ezequiel Galli estuvo en las instalaciones en septiembre<\/a> con Silvia Minellono, quien se encuentra al frente de la actual concesi\u00f3n del balneario. <strong>\u201cCon la construcci\u00f3n del pilet\u00f3n vamos a devolverle a los vecinos de la zona la posibilidad de disfrutar un lugar \u00fanico para el esparcimiento y la recreaci\u00f3n\u201d<\/strong> defini\u00f3 el Intendente.<\/p>\n<p>&nbsp;<\/p>\n<blockquote class=\"wp-embedded-content\" data-secret=\"LuxSBcbKKW\"><p><a href=\"https:\/\/cdnoticias.com\/index.php\/2022\/09\/14\/ezequiel-galli-anuncio-la-construccion-de-un-pileton-en-el-complejo-turistico-recreativo-de-colonia-san-miguel\/\">Ezequiel Galli anunci\u00f3 la construcci\u00f3n de un pilet\u00f3n en el Complejo Tur\u00edstico Recreativo de Colonia San Miguel<\/a><\/p><\/blockquote>\n<p><iframe loading=\"lazy\" class=\"wp-embedded-content\" sandbox=\"allow-scripts\" security=\"restricted\" style=\"position: absolute; clip: rect(1px, 1px, 1px, 1px);\" title=\"&#8220;Ezequiel Galli anunci\u00f3 la construcci\u00f3n de un pilet\u00f3n en el Complejo Tur\u00edstico Recreativo de Colonia San Miguel&#8221; &#8212; Central de Noticias | Olavarr\u00eda\" src=\"https:\/\/cdnoticias.com\/index.php\/2022\/09\/14\/ezequiel-galli-anuncio-la-construccion-de-un-pileton-en-el-complejo-turistico-recreativo-de-colonia-san-miguel\/embed\/#?secret=g4sDHJiZrx#?secret=LuxSBcbKKW\" data-secret=\"LuxSBcbKKW\" width=\"600\" height=\"338\" frameborder=\"0\" marginwidth=\"0\" marginheight=\"0\" scrolling=\"no\"><\/iframe><\/p>\n<p>&nbsp;<\/p>\n","protected":false},"excerpt":{"rendered":"<p>La inversi\u00f3n prevista es de 19 millones de pesos. El 11 de enero se abrir\u00e1n las ofertas. \u00a0Se busca \u201cla<\/p>\n","protected":false},"author":4,"featured_media":50283,"comment_status":"closed","ping_status":"closed","sticky":false,"template":"","format":"standard","meta":{"_jetpack_memberships_contains_paid_content":false,"footnotes":""},"categories":[5,1],"tags":[],"class_list":["post-73259","post","type-post","status-publish","format-standard","has-post-thumbnail","hentry","category-informacion-general","category-portada"],"jetpack_featured_media_url":"https:\/\/i0.wp.com\/cdnoticias.com\/wp-content\/uploads\/2022\/03\/colonia-san-miguel-balneario-00.jpg?fit=800%2C445&ssl=1","jetpack_sharing_enabled":true,"_links":{"self":[{"href":"https:\/\/cdnoticias.com\/index.php\/wp-json\/wp\/v2\/posts\/73259","targetHints":{"allow":["GET"]}}],"collection":[{"href":"https:\/\/cdnoticias.com\/index.php\/wp-json\/wp\/v2\/posts"}],"about":[{"href":"https:\/\/cdnoticias.com\/index.php\/wp-json\/wp\/v2\/types\/post"}],"author":[{"embeddable":true,"href":"https:\/\/cdnoticias.com\/index.php\/wp-json\/wp\/v2\/users\/4"}],"replies":[{"embeddable":true,"href":"https:\/\/cdnoticias.com\/index.php\/wp-json\/wp\/v2\/comments?post=73259"}],"version-history":[{"count":0,"href":"https:\/\/cdnoticias.com\/index.php\/wp-json\/wp\/v2\/posts\/73259\/revisions"}],"wp:featuredmedia":[{"embeddable":true,"href":"https:\/\/cdnoticias.com\/index.php\/wp-json\/wp\/v2\/media\/50283"}],"wp:attachment":[{"href":"https:\/\/cdnoticias.com\/index.php\/wp-json\/wp\/v2\/media?parent=73259"}],"wp:term":[{"taxonomy":"category","embeddable":true,"href":"https:\/\/cdnoticias.com\/index.php\/wp-json\/wp\/v2\/categories?post=73259"},{"taxonomy":"post_tag","embeddable":true,"href":"https:\/\/cdnoticias.com\/index.php\/wp-json\/wp\/v2\/tags?post=73259"}],"curies":[{"name":"wp","href":"https:\/\/api.w.org\/{rel}","templated":true}]}}