{"id":73249,"date":"2022-12-23T08:39:41","date_gmt":"2022-12-23T11:39:41","guid":{"rendered":"https:\/\/www.centraldenoticias.com.ar\/?p=73249"},"modified":"2022-12-23T12:00:39","modified_gmt":"2022-12-23T15:00:39","slug":"rige-un-alerta-amarillo-por-tormentas-para-olavarria","status":"publish","type":"post","link":"https:\/\/cdnoticias.com\/index.php\/2022\/12\/23\/rige-un-alerta-amarillo-por-tormentas-para-olavarria\/","title":{"rendered":"Rige un alerta amarillo por tormentas para Olavarr\u00eda"},"content":{"rendered":"<p>As\u00ed lo anticip\u00f3 el Servicio Meteorol\u00f3gico Nacional para la tarde y noche de este viernes. Las malas condiciones del tiempo se extender\u00edan hasta la ma\u00f1ana del s\u00e1bado.<!--more--><\/p>\n<hr \/>\n<p>El Servicio Meteorol\u00f3gico Nacional emiti\u00f3 para la <strong>tarde y noche de este viernes un alerta amarillo por tormentas para Olavarr\u00eda, General La Madrid y Laprida.<\/strong> Las malas condiciones del tiempo <strong>se extender\u00edan hasta la ma\u00f1ana del s\u00e1bado.<\/strong><\/p>\n<p>&nbsp;<\/p>\n<p>Seg\u00fan se indic\u00f3 \u201cel \u00e1rea ser\u00e1 afectada por <strong>tormentas de variada intensidad<\/strong>, algunas de las cuales podr\u00e1n ser localmente fuertes. Las mismas estar\u00e1n acompa\u00f1adas de r\u00e1fagas, ocasional ca\u00edda de granizo, fuerte actividad el\u00e9ctrica y abundante ca\u00edda de agua en cortos per\u00edodos\u201d.<\/p>\n<p>&nbsp;<\/p>\n<p><img data-recalc-dims=\"1\" loading=\"lazy\" decoding=\"async\" class=\"aligncenter size-full wp-image-73251\" src=\"https:\/\/i0.wp.com\/cdnoticias.com\/wp-content\/uploads\/2022\/12\/pronostico-1.png?resize=711%2C341&#038;ssl=1\" alt=\"\" width=\"711\" height=\"341\" srcset=\"https:\/\/i0.wp.com\/cdnoticias.com\/wp-content\/uploads\/2022\/12\/pronostico-1.png?w=711&amp;ssl=1 711w, https:\/\/i0.wp.com\/cdnoticias.com\/wp-content\/uploads\/2022\/12\/pronostico-1.png?resize=300%2C144&amp;ssl=1 300w\" sizes=\"auto, (max-width: 711px) 100vw, 711px\" \/><\/p>\n<p>&nbsp;<\/p>\n<p>Adem\u00e1s, \u201cse esperan valores de <strong>precipitaci\u00f3n acumulada entre 20 y 40 mm,<\/strong> pudiendo ser superados de forma localizada\u201d.<\/p>\n","protected":false},"excerpt":{"rendered":"<p>As\u00ed lo anticip\u00f3 el Servicio Meteorol\u00f3gico Nacional para la tarde y noche de este viernes. Las malas condiciones del tiempo<\/p>\n","protected":false},"author":5,"featured_media":71330,"comment_status":"closed","ping_status":"closed","sticky":false,"template":"","format":"standard","meta":{"_jetpack_memberships_contains_paid_content":false,"footnotes":""},"categories":[5,1],"tags":[],"class_list":["post-73249","post","type-post","status-publish","format-standard","has-post-thumbnail","hentry","category-informacion-general","category-portada"],"jetpack_featured_media_url":"https:\/\/i0.wp.com\/cdnoticias.com\/wp-content\/uploads\/2022\/11\/tormenta-olav.jpg?fit=1197%2C665&ssl=1","jetpack_sharing_enabled":true,"_links":{"self":[{"href":"https:\/\/cdnoticias.com\/index.php\/wp-json\/wp\/v2\/posts\/73249","targetHints":{"allow":["GET"]}}],"collection":[{"href":"https:\/\/cdnoticias.com\/index.php\/wp-json\/wp\/v2\/posts"}],"about":[{"href":"https:\/\/cdnoticias.com\/index.php\/wp-json\/wp\/v2\/types\/post"}],"author":[{"embeddable":true,"href":"https:\/\/cdnoticias.com\/index.php\/wp-json\/wp\/v2\/users\/5"}],"replies":[{"embeddable":true,"href":"https:\/\/cdnoticias.com\/index.php\/wp-json\/wp\/v2\/comments?post=73249"}],"version-history":[{"count":0,"href":"https:\/\/cdnoticias.com\/index.php\/wp-json\/wp\/v2\/posts\/73249\/revisions"}],"wp:featuredmedia":[{"embeddable":true,"href":"https:\/\/cdnoticias.com\/index.php\/wp-json\/wp\/v2\/media\/71330"}],"wp:attachment":[{"href":"https:\/\/cdnoticias.com\/index.php\/wp-json\/wp\/v2\/media?parent=73249"}],"wp:term":[{"taxonomy":"category","embeddable":true,"href":"https:\/\/cdnoticias.com\/index.php\/wp-json\/wp\/v2\/categories?post=73249"},{"taxonomy":"post_tag","embeddable":true,"href":"https:\/\/cdnoticias.com\/index.php\/wp-json\/wp\/v2\/tags?post=73249"}],"curies":[{"name":"wp","href":"https:\/\/api.w.org\/{rel}","templated":true}]}}