{"id":73215,"date":"2022-12-22T19:15:21","date_gmt":"2022-12-22T22:15:21","guid":{"rendered":"https:\/\/www.centraldenoticias.com.ar\/?p=73215"},"modified":"2022-12-22T20:02:35","modified_gmt":"2022-12-22T23:02:35","slug":"kicillof-contra-la-corte-por-la-coparticipacion-esto-es-un-fallo-partidario","status":"publish","type":"post","link":"https:\/\/cdnoticias.com\/index.php\/2022\/12\/22\/kicillof-contra-la-corte-por-la-coparticipacion-esto-es-un-fallo-partidario\/","title":{"rendered":"Kicillof contra la Corte por la coparticipaci\u00f3n: \u201cEsto es un fallo partidario\u201d"},"content":{"rendered":"<p>El m\u00e1ximo tribunal dict\u00f3 una cautelar que favorece a la ciudad de Buenos Aires. Para el Gobernador la decisi\u00f3n \u201ces una verdadera injustica\u201d.<\/p>\n<p><!--more--><\/p>\n<hr \/>\n<p><strong>El gobernador Axel Kicillof se refiri\u00f3 este jueves a la cautelar dictada por la Corte Suprema de Justicia<\/strong> a favor de la ciudad de Buenos Aires (CABA) en el marco de la discusi\u00f3n por la coparticipaci\u00f3n y <strong>sostuvo que se trata de \u201cun fallo partidario\u201d<\/strong>.<\/p>\n<p>&nbsp;<\/p>\n<blockquote><p>\u201cEste fallo es una verdadera injustica. Este fallo no es un fallo pol\u00edtico, esto es un fallo partidario destinado a favorecer a una parte min\u00fascula de nuestro pa\u00eds en detrimento del pa\u00eds federal\u201d, sostuvo Kicillof en Almirante Brown.<\/p><\/blockquote>\n<p>&nbsp;<\/p>\n<p>El Gobernador particip\u00f3 este jueves de la inauguraci\u00f3n de una nueva alcaid\u00eda departamental en el distrito del sur del conurbano bonaerense. All\u00ed, se refiri\u00f3 a la cautelar de la Corte en la que se orden\u00f3 que <strong>mientras dure la discusi\u00f3n de fondo sobre el reparto de la coparticipaci\u00f3n se le entregue \u201cel 2,95% de la masa de fondos\u201d a la CABA<\/strong>.<\/p>\n<p>&nbsp;<\/p>\n<p>El mandatario provincial consider\u00f3 que <strong>el fallo \u201cest\u00e1 apartado de la tradici\u00f3n de la propia Corte Suprema de Justicia\u201d<\/strong>, ya que deja a la ley que determin\u00f3 el reparto de la coparticipaci\u00f3n \u201cen una situaci\u00f3n absolutamente extra\u00f1a\u201d.<\/p>\n<p>&nbsp;<\/p>\n<blockquote><p>\u201cLas leyes o se derogan, o se aprueban y est\u00e1n vigentes o la Justicia determina que no se apliquen porque son inconstitucionales. Pero las leyes no se pueden suspender por una recomendaci\u00f3n de un tribunal, por m\u00e1s jerarqu\u00eda que tenga\u201d, indic\u00f3.<\/p><\/blockquote>\n<p>&nbsp;<\/p>\n<p>Kicillof sostuvo que \u201cestamos en un limbo en el que nos han metido simplemente para favorecer a una jurisdicci\u00f3n\u201d y que \u201ctodos los gobernadores de la argentina\u201d est\u00e1n de acuerdo con que<strong> \u201ces un atentado contra el federalismo\u201d.<\/strong> En este sentido, aclar\u00f3 que algunos mandatarios provinciales lo dicen \u201ca viva voz\u201d, pero que otros \u201clo dicen por lo bajo por restricciones pol\u00edticas\u201d.<\/p>\n<p>&nbsp;<\/p>\n<p>El conflicto por la coparticipaci\u00f3n se remonta al a\u00f1o 2016, cuando el expresidente Mauricio Macri increment\u00f3 por decreto los recursos federales que recib\u00eda la CABA de 1,4% al 3,75% con la excusa de financiar el traspaso de la Polic\u00eda Federal.<\/p>\n<p>&nbsp;<\/p>\n<p>Durante el mismo gobierno de Cambiemos ese porcentaje baj\u00f3 al 3,5%. Y en 2020, en medio de una fuerte protesta por salarios de la Polic\u00eda bonaerense, el presidente Alberto Fern\u00e1ndez firm\u00f3 el decreto 735\/2020 que redujo en un punto el porcentaje a la Ciudad y le envi\u00f3 m\u00e1s recursos a Provincia.<\/p>\n<p>&nbsp;<\/p>\n<p>Tras esa medida de Naci\u00f3n, la coparticipaci\u00f3n de la CABA qued\u00f3 en 2,32% y la gesti\u00f3n de Horacio Rodr\u00edguez Larreta acudi\u00f3 a la Corte. Ahora, el tribunal le restituy\u00f3 a la CABA un 0,63% hasta tanto se defina la cuesti\u00f3n.<\/p>\n<p>&nbsp;<\/p>\n<p>Fuente: <em>Agencia DIB<\/em><\/p>\n<p>&nbsp;<\/p>\n<blockquote class=\"wp-embedded-content\" data-secret=\"S1OFKbwdES\"><p><a href=\"https:\/\/cdnoticias.com\/index.php\/2022\/12\/22\/rodriguez-larreta-se-expreso-tras-el-fallo-por-la-coparticipacion\/\">Rodr\u00edguez Larreta se expres\u00f3 tras el fallo por la coparticipaci\u00f3n<\/a><\/p><\/blockquote>\n<p><iframe loading=\"lazy\" class=\"wp-embedded-content\" sandbox=\"allow-scripts\" security=\"restricted\" style=\"position: absolute; clip: rect(1px, 1px, 1px, 1px);\" title=\"&#8220;Rodr\u00edguez Larreta se expres\u00f3 tras el fallo por la coparticipaci\u00f3n&#8221; &#8212; Central de Noticias | Olavarr\u00eda\" src=\"https:\/\/cdnoticias.com\/index.php\/2022\/12\/22\/rodriguez-larreta-se-expreso-tras-el-fallo-por-la-coparticipacion\/embed\/#?secret=FGhncBG3hH#?secret=S1OFKbwdES\" data-secret=\"S1OFKbwdES\" width=\"600\" height=\"338\" frameborder=\"0\" marginwidth=\"0\" marginheight=\"0\" scrolling=\"no\"><\/iframe><\/p>\n<p>&nbsp;<\/p>\n","protected":false},"excerpt":{"rendered":"<p>El m\u00e1ximo tribunal dict\u00f3 una cautelar que favorece a la ciudad de Buenos Aires. Para el Gobernador la decisi\u00f3n \u201ces<\/p>\n","protected":false},"author":4,"featured_media":73216,"comment_status":"closed","ping_status":"closed","sticky":false,"template":"","format":"standard","meta":{"_jetpack_memberships_contains_paid_content":false,"footnotes":""},"categories":[6,1],"tags":[],"class_list":["post-73215","post","type-post","status-publish","format-standard","has-post-thumbnail","hentry","category-nacionales","category-portada"],"jetpack_featured_media_url":"https:\/\/i0.wp.com\/cdnoticias.com\/wp-content\/uploads\/2022\/12\/DIB-kicillof.jpg?fit=1024%2C683&ssl=1","jetpack_sharing_enabled":true,"_links":{"self":[{"href":"https:\/\/cdnoticias.com\/index.php\/wp-json\/wp\/v2\/posts\/73215","targetHints":{"allow":["GET"]}}],"collection":[{"href":"https:\/\/cdnoticias.com\/index.php\/wp-json\/wp\/v2\/posts"}],"about":[{"href":"https:\/\/cdnoticias.com\/index.php\/wp-json\/wp\/v2\/types\/post"}],"author":[{"embeddable":true,"href":"https:\/\/cdnoticias.com\/index.php\/wp-json\/wp\/v2\/users\/4"}],"replies":[{"embeddable":true,"href":"https:\/\/cdnoticias.com\/index.php\/wp-json\/wp\/v2\/comments?post=73215"}],"version-history":[{"count":0,"href":"https:\/\/cdnoticias.com\/index.php\/wp-json\/wp\/v2\/posts\/73215\/revisions"}],"wp:featuredmedia":[{"embeddable":true,"href":"https:\/\/cdnoticias.com\/index.php\/wp-json\/wp\/v2\/media\/73216"}],"wp:attachment":[{"href":"https:\/\/cdnoticias.com\/index.php\/wp-json\/wp\/v2\/media?parent=73215"}],"wp:term":[{"taxonomy":"category","embeddable":true,"href":"https:\/\/cdnoticias.com\/index.php\/wp-json\/wp\/v2\/categories?post=73215"},{"taxonomy":"post_tag","embeddable":true,"href":"https:\/\/cdnoticias.com\/index.php\/wp-json\/wp\/v2\/tags?post=73215"}],"curies":[{"name":"wp","href":"https:\/\/api.w.org\/{rel}","templated":true}]}}