{"id":73186,"date":"2022-12-22T18:30:06","date_gmt":"2022-12-22T21:30:06","guid":{"rendered":"https:\/\/www.centraldenoticias.com.ar\/?p=73186"},"modified":"2022-12-22T19:15:31","modified_gmt":"2022-12-22T22:15:31","slug":"servicio-electrico-acercamiento-entre-usuarios-de-la-zona-rural-y-coopelectric","status":"publish","type":"post","link":"https:\/\/cdnoticias.com\/index.php\/2022\/12\/22\/servicio-electrico-acercamiento-entre-usuarios-de-la-zona-rural-y-coopelectric\/","title":{"rendered":"Servicio el\u00e9ctrico: \u201cacercamiento\u201d entre usuarios de la zona rural y Coopelectric"},"content":{"rendered":"<p>En la reuni\u00f3n se manifestaron las disconformidades con el servicio. La Sociedad Rural defini\u00f3 que \u201cla situaci\u00f3n de la energ\u00eda el\u00e9ctrica en nuestro partido es cr\u00edtica\u201d.<\/p>\n<p><!--more--><\/p>\n<hr \/>\n<p>Este martes se llev\u00f3 adelante la reuni\u00f3n que organiz\u00f3 la<strong> Sociedad Rural de Olavarr\u00eda<\/strong> en sus instalaciones con <strong>autoridades de Coopelectric<\/strong> para plantear la <strong>problem\u00e1tica del servicio el\u00e9ctrico en las zonas rurales de Olavarr\u00eda.<\/strong><\/p>\n<p>&nbsp;<\/p>\n<blockquote><p>\u201cEl objetivo del encuentro fue tratar el tema del servicio de energ\u00eda el\u00e9ctrica y los frecuentes cortes de luz que se producen en la zona rural\u201d se destac\u00f3 desde la entidad anfitriona.<\/p><\/blockquote>\n<p>&nbsp;<\/p>\n<p>Se busc\u00f3 \u201cque <strong>los usuarios puedan expresar directamente sus reclamos e inquietudes<\/strong> y que los responsables del servicio pueden dar las explicaciones pertinentes\u201d.<\/p>\n<p>&nbsp;<\/p>\n<p><img data-recalc-dims=\"1\" loading=\"lazy\" decoding=\"async\" class=\"size-full wp-image-73191 aligncenter\" src=\"https:\/\/i0.wp.com\/cdnoticias.com\/wp-content\/uploads\/2022\/12\/sociedad-rural-coopelectric-00.jpg?resize=800%2C445&#038;ssl=1\" alt=\"\" width=\"800\" height=\"445\" srcset=\"https:\/\/i0.wp.com\/cdnoticias.com\/wp-content\/uploads\/2022\/12\/sociedad-rural-coopelectric-00.jpg?w=800&amp;ssl=1 800w, https:\/\/i0.wp.com\/cdnoticias.com\/wp-content\/uploads\/2022\/12\/sociedad-rural-coopelectric-00.jpg?resize=300%2C167&amp;ssl=1 300w, https:\/\/i0.wp.com\/cdnoticias.com\/wp-content\/uploads\/2022\/12\/sociedad-rural-coopelectric-00.jpg?resize=768%2C427&amp;ssl=1 768w\" sizes=\"auto, (max-width: 800px) 100vw, 800px\" \/><\/p>\n<p>&nbsp;<\/p>\n<p>\u201cEntre los reclamos de los usuarios rurales se destacaron <strong>la falta de mantenimiento de la red, los frecuentes cortes de luz que afectan la calidad de vida y el trabajo en el campo y los problemas de comunicaci\u00f3n con la cooperativa<\/strong>\u201d se detall\u00f3.<\/p>\n<p>&nbsp;<\/p>\n<p>El personal t\u00e9cnico y administrativo de Coopelectric explic\u00f3<strong> \u201ccu\u00e1l es la situaci\u00f3n de la red rural y de qu\u00e9 manera se trabaja con los pocos recursos con que se cuenta\u201d.<\/strong><\/p>\n<p>&nbsp;<\/p>\n<blockquote><p>El presidente del Consejo de Administraci\u00f3n, Cruz Arouxet, afirm\u00f3 que \u201cla tarifa del servicio de energ\u00eda el\u00e9ctrica en la Provincia de Buenos Aires est\u00e1 muy atrasada desde hace a\u00f1os debido a una decisi\u00f3n pol\u00edtica y que con el\u00a0 VAD (Valor Agregado de Distribuci\u00f3n) tan bajo, las cooperativas no pueden hacer frente a las inversiones necesarias para garantizar un servicio de energ\u00eda el\u00e9ctrica de calidad\u201d.<\/p><\/blockquote>\n<p>&nbsp;<\/p>\n<p><img data-recalc-dims=\"1\" loading=\"lazy\" decoding=\"async\" class=\"size-full wp-image-73192 aligncenter\" src=\"https:\/\/i0.wp.com\/cdnoticias.com\/wp-content\/uploads\/2022\/12\/sociedad-rural-coopelectric-01.jpg?resize=800%2C445&#038;ssl=1\" alt=\"\" width=\"800\" height=\"445\" srcset=\"https:\/\/i0.wp.com\/cdnoticias.com\/wp-content\/uploads\/2022\/12\/sociedad-rural-coopelectric-01.jpg?w=800&amp;ssl=1 800w, https:\/\/i0.wp.com\/cdnoticias.com\/wp-content\/uploads\/2022\/12\/sociedad-rural-coopelectric-01.jpg?resize=300%2C167&amp;ssl=1 300w, https:\/\/i0.wp.com\/cdnoticias.com\/wp-content\/uploads\/2022\/12\/sociedad-rural-coopelectric-01.jpg?resize=768%2C427&amp;ssl=1 768w\" sizes=\"auto, (max-width: 800px) 100vw, 800px\" \/><\/p>\n<p>&nbsp;<\/p>\n<p>Finalmente, se expuso que \u201cdesde la Cooperativa se comprometieron a<strong> mejorar la gesti\u00f3n de los grupos de WhatsApp para generar una comunicaci\u00f3n m\u00e1s fluida<\/strong> con los usuarios y que estos puedan obtener una respuesta cuando hacen un reclamo puntual\u201d.<\/p>\n<p>&nbsp;<\/p>\n<p>A modo de balance, la Sociedad Rural consider\u00f3 que <strong>\u201cel encuentro fue positivo en la medida en la que gener\u00f3 un acercamiento<\/strong> entre los usuarios que est\u00e1n disconformes con el servicio y los responsables de la distribuci\u00f3n de la energ\u00eda el\u00e9ctrica en Olavarr\u00eda\u201d.<\/p>\n<p>&nbsp;<\/p>\n<blockquote><p>La instituci\u00f3n concluy\u00f3 en que \u201clo negativo es que confirmamos que la situaci\u00f3n de la energ\u00eda el\u00e9ctrica en nuestro partido es cr\u00edtica y el futuro es bastante incierto\u201d.<\/p><\/blockquote>\n<p>&nbsp;<\/p>\n<p><img data-recalc-dims=\"1\" loading=\"lazy\" decoding=\"async\" class=\"size-full wp-image-73194 aligncenter\" src=\"https:\/\/i0.wp.com\/cdnoticias.com\/wp-content\/uploads\/2022\/12\/sociedad-rural-coopelectric-03.jpg?resize=800%2C445&#038;ssl=1\" alt=\"\" width=\"800\" height=\"445\" srcset=\"https:\/\/i0.wp.com\/cdnoticias.com\/wp-content\/uploads\/2022\/12\/sociedad-rural-coopelectric-03.jpg?w=800&amp;ssl=1 800w, https:\/\/i0.wp.com\/cdnoticias.com\/wp-content\/uploads\/2022\/12\/sociedad-rural-coopelectric-03.jpg?resize=300%2C167&amp;ssl=1 300w, https:\/\/i0.wp.com\/cdnoticias.com\/wp-content\/uploads\/2022\/12\/sociedad-rural-coopelectric-03.jpg?resize=768%2C427&amp;ssl=1 768w\" sizes=\"auto, (max-width: 800px) 100vw, 800px\" \/><\/p>\n<p>&nbsp;<\/p>\n<p>En el encuentro, estuvieron presentes adem\u00e1s del presidente de Coopelectric Arouxet, el gerente de Operaciones, Ing. Jorge Vornetti, el Subgerente de Asistencia T\u00e9cnica, Daniel Pini; y el Subgerente de Coordinaci\u00f3n Administrativa, Enrique Lospinoso.<\/p>\n<p>&nbsp;<\/p>\n<p>Asimismo, participaron por la Sociedad Rural, el presidente, Eduardo Alem, y los miembros de comisi\u00f3n Jos\u00e9 Mar\u00eda Ortiz, Sebasti\u00e1n Matrella, Ana Mar\u00eda Peroggi, Anselmo Fioroni y Alberto Zulaica.<\/p>\n<p>&nbsp;<\/p>\n<p>La actividad cont\u00f3 con la asistencia y participaci\u00f3n de productores agropecuarios y habitantes del sector rural de Olavarr\u00eda.<\/p>\n<p>&nbsp;<\/p>\n","protected":false},"excerpt":{"rendered":"<p>En la reuni\u00f3n se manifestaron las disconformidades con el servicio. La Sociedad Rural defini\u00f3 que \u201cla situaci\u00f3n de la energ\u00eda<\/p>\n","protected":false},"author":4,"featured_media":73193,"comment_status":"closed","ping_status":"closed","sticky":false,"template":"","format":"standard","meta":{"_jetpack_memberships_contains_paid_content":false,"footnotes":""},"categories":[5,1],"tags":[],"class_list":["post-73186","post","type-post","status-publish","format-standard","has-post-thumbnail","hentry","category-informacion-general","category-portada"],"jetpack_featured_media_url":"https:\/\/i0.wp.com\/cdnoticias.com\/wp-content\/uploads\/2022\/12\/sociedad-rural-coopelectric-02.jpg?fit=800%2C446&ssl=1","jetpack_sharing_enabled":true,"_links":{"self":[{"href":"https:\/\/cdnoticias.com\/index.php\/wp-json\/wp\/v2\/posts\/73186","targetHints":{"allow":["GET"]}}],"collection":[{"href":"https:\/\/cdnoticias.com\/index.php\/wp-json\/wp\/v2\/posts"}],"about":[{"href":"https:\/\/cdnoticias.com\/index.php\/wp-json\/wp\/v2\/types\/post"}],"author":[{"embeddable":true,"href":"https:\/\/cdnoticias.com\/index.php\/wp-json\/wp\/v2\/users\/4"}],"replies":[{"embeddable":true,"href":"https:\/\/cdnoticias.com\/index.php\/wp-json\/wp\/v2\/comments?post=73186"}],"version-history":[{"count":0,"href":"https:\/\/cdnoticias.com\/index.php\/wp-json\/wp\/v2\/posts\/73186\/revisions"}],"wp:featuredmedia":[{"embeddable":true,"href":"https:\/\/cdnoticias.com\/index.php\/wp-json\/wp\/v2\/media\/73193"}],"wp:attachment":[{"href":"https:\/\/cdnoticias.com\/index.php\/wp-json\/wp\/v2\/media?parent=73186"}],"wp:term":[{"taxonomy":"category","embeddable":true,"href":"https:\/\/cdnoticias.com\/index.php\/wp-json\/wp\/v2\/categories?post=73186"},{"taxonomy":"post_tag","embeddable":true,"href":"https:\/\/cdnoticias.com\/index.php\/wp-json\/wp\/v2\/tags?post=73186"}],"curies":[{"name":"wp","href":"https:\/\/api.w.org\/{rel}","templated":true}]}}