{"id":73172,"date":"2022-12-22T11:24:09","date_gmt":"2022-12-22T14:24:09","guid":{"rendered":"https:\/\/www.centraldenoticias.com.ar\/?p=73172"},"modified":"2022-12-22T12:58:38","modified_gmt":"2022-12-22T15:58:38","slug":"fallecio-una-nina-estaba-internada-tras-la-caida-de-un-techo-en-colonia-nievas","status":"publish","type":"post","link":"https:\/\/cdnoticias.com\/index.php\/2022\/12\/22\/fallecio-una-nina-estaba-internada-tras-la-caida-de-un-techo-en-colonia-nievas\/","title":{"rendered":"Falleci\u00f3 una ni\u00f1a: estaba internada tras la ca\u00edda de un techo en Colonia Nievas"},"content":{"rendered":"<p>Es una peque\u00f1a de Azul. Ten\u00eda un a\u00f1o de edad y estaba alojada en el Hospital de Ni\u00f1os de la vecina localidad.<!--more--><\/p>\n<hr \/>\n<p><strong>Una ni\u00f1a azule\u00f1a de un a\u00f1o de edad falleci\u00f3 este mi\u00e9rcoles.<\/strong> Estaba internada producto del golpe recibido tras <strong>la ca\u00edda de un techo en la localidad olavarriense de Colonia Nievas.<\/strong><\/p>\n<p>&nbsp;<\/p>\n<p>Seg\u00fan se indic\u00f3 en diario El Tiempo, desde la Polic\u00eda de Azul se identific\u00f3 a la v\u00edctima como<strong> Sof\u00eda Isabella Areas.<\/strong><\/p>\n<p>&nbsp;<\/p>\n<p>Ten\u00eda<strong> un a\u00f1o de edad<\/strong> y permanec\u00eda internada en el Hospital de Ni\u00f1os de la vecina localidad cuando <strong>su deceso se produjo durante los primeros minutos del mi\u00e9rcoles.<\/strong><\/p>\n<p>&nbsp;<\/p>\n<p>Un d\u00eda antes,<strong> en un inmueble de Colonia Nievas, hab\u00eda sufrido un accidente dom\u00e9stico<\/strong>. En horas de la tarde se produjo la ca\u00edda del techo de un quincho que impact\u00f3 sobre ella.<\/p>\n<p>&nbsp;<\/p>\n<p>De acuerdo con lo informado, la autopsia a la que el cuerpo fue sometido el mi\u00e9rcoles revel\u00f3 que <strong>la menor falleci\u00f3 por un paro card\u00edaco, tras haber sufrido traumatismo grave de cr\u00e1neo.<\/strong><\/p>\n<p>&nbsp;<\/p>\n<p>Fuente y foto:<em> Diario El Tiempo<\/em><\/p>\n","protected":false},"excerpt":{"rendered":"<p>Es una peque\u00f1a de Azul. Ten\u00eda un a\u00f1o de edad y estaba alojada en el Hospital de Ni\u00f1os de la<\/p>\n","protected":false},"author":4,"featured_media":73173,"comment_status":"closed","ping_status":"closed","sticky":false,"template":"","format":"standard","meta":{"_jetpack_memberships_contains_paid_content":false,"footnotes":""},"categories":[14,1],"tags":[],"class_list":["post-73172","post","type-post","status-publish","format-standard","has-post-thumbnail","hentry","category-policiales","category-portada"],"jetpack_featured_media_url":"https:\/\/i0.wp.com\/cdnoticias.com\/wp-content\/uploads\/2022\/12\/diario-el-tiempo-techo-colonia-nievas.jpg?fit=800%2C445&ssl=1","jetpack_sharing_enabled":true,"_links":{"self":[{"href":"https:\/\/cdnoticias.com\/index.php\/wp-json\/wp\/v2\/posts\/73172","targetHints":{"allow":["GET"]}}],"collection":[{"href":"https:\/\/cdnoticias.com\/index.php\/wp-json\/wp\/v2\/posts"}],"about":[{"href":"https:\/\/cdnoticias.com\/index.php\/wp-json\/wp\/v2\/types\/post"}],"author":[{"embeddable":true,"href":"https:\/\/cdnoticias.com\/index.php\/wp-json\/wp\/v2\/users\/4"}],"replies":[{"embeddable":true,"href":"https:\/\/cdnoticias.com\/index.php\/wp-json\/wp\/v2\/comments?post=73172"}],"version-history":[{"count":0,"href":"https:\/\/cdnoticias.com\/index.php\/wp-json\/wp\/v2\/posts\/73172\/revisions"}],"wp:featuredmedia":[{"embeddable":true,"href":"https:\/\/cdnoticias.com\/index.php\/wp-json\/wp\/v2\/media\/73173"}],"wp:attachment":[{"href":"https:\/\/cdnoticias.com\/index.php\/wp-json\/wp\/v2\/media?parent=73172"}],"wp:term":[{"taxonomy":"category","embeddable":true,"href":"https:\/\/cdnoticias.com\/index.php\/wp-json\/wp\/v2\/categories?post=73172"},{"taxonomy":"post_tag","embeddable":true,"href":"https:\/\/cdnoticias.com\/index.php\/wp-json\/wp\/v2\/tags?post=73172"}],"curies":[{"name":"wp","href":"https:\/\/api.w.org\/{rel}","templated":true}]}}