{"id":73132,"date":"2022-12-21T19:56:31","date_gmt":"2022-12-21T22:56:31","guid":{"rendered":"https:\/\/www.centraldenoticias.com.ar\/?p=73132"},"modified":"2022-12-22T08:28:23","modified_gmt":"2022-12-22T11:28:23","slug":"la-fio-reciclo-y-dono-20-computadoras-para-jardines-y-escuelas-de-olavarria","status":"publish","type":"post","link":"https:\/\/cdnoticias.com\/index.php\/2022\/12\/21\/la-fio-reciclo-y-dono-20-computadoras-para-jardines-y-escuelas-de-olavarria\/","title":{"rendered":"La FIO recicl\u00f3 y don\u00f3 20 computadoras para jardines y escuelas de Olavarr\u00eda"},"content":{"rendered":"<p>La entrega se realiz\u00f3 a trav\u00e9s del Consejo Escolar. &#8220;Este reciclado de computadoras ayuda a reducir la brecha digital, es decir, la desigualdad que hay en cuanto al acceso, uso o impacto de las Tecnolog\u00edas de la Informaci\u00f3n y la Comunicaci\u00f3n&#8221; se indic\u00f3. <!--more--><\/p>\n<hr \/>\n<p>La<strong> Facultad de Ingenier\u00eda<\/strong> cierra el a\u00f1o con varios objetivos en uno: <strong>acondicionar 20 computadoras en desuso y donarlas a diferentes escuelas de Olavarr\u00eda a trav\u00e9s del Consejo Escolar<\/strong>. De ese modo, se cumple con un <strong>fin solidario pero a la vez ambiental y educativo<\/strong>, con una propuesta capaz de <strong>achicar la brecha digital.<\/strong><\/p>\n<p>&nbsp;<\/p>\n<p><strong>Se acondicionan, formatean o limpian, depende del estado de cada equipo. <\/strong>El <strong>ingeniero Ricardo Mulle<\/strong> explic\u00f3 que<strong>\u00a0\u201cse entregaron veinte PC reacondicionadas.<\/strong> Algunas fueron donadas por la firma Cementos Avellaneda y otras eran de la Facultad, incluso hab\u00eda monitores\u201d.<\/p>\n<p>&nbsp;<\/p>\n<p>El acto de entrega se concret\u00f3 la semana pasada y cont\u00f3 con la presencia del vicedecano de la FIO Oscar Cabrera; la secretaria de Extensi\u00f3n, Vinculaci\u00f3n y Transferencia, Gabriela H\u00fcls; el responsable del Centro de Desarrollo Emprendedor e Innovaci\u00f3n (CDEI), Joaqu\u00edn Domato; y Ricardo Mulle como responsable de la iniciativa.<\/p>\n<p>&nbsp;<\/p>\n<p><img data-recalc-dims=\"1\" loading=\"lazy\" decoding=\"async\" class=\"aligncenter wp-image-73135 size-full\" src=\"https:\/\/i0.wp.com\/cdnoticias.com\/wp-content\/uploads\/2022\/12\/entrega_computadoras_2.jpeg?resize=800%2C450&#038;ssl=1\" alt=\"\" width=\"800\" height=\"450\" srcset=\"https:\/\/i0.wp.com\/cdnoticias.com\/wp-content\/uploads\/2022\/12\/entrega_computadoras_2.jpeg?w=1280&amp;ssl=1 1280w, https:\/\/i0.wp.com\/cdnoticias.com\/wp-content\/uploads\/2022\/12\/entrega_computadoras_2.jpeg?resize=300%2C169&amp;ssl=1 300w, https:\/\/i0.wp.com\/cdnoticias.com\/wp-content\/uploads\/2022\/12\/entrega_computadoras_2.jpeg?resize=1024%2C576&amp;ssl=1 1024w, https:\/\/i0.wp.com\/cdnoticias.com\/wp-content\/uploads\/2022\/12\/entrega_computadoras_2.jpeg?resize=768%2C432&amp;ssl=1 768w\" sizes=\"auto, (max-width: 800px) 100vw, 800px\" \/><\/p>\n<p>&nbsp;<\/p>\n<p>En representaci\u00f3n del <strong>Consejo Escolar<\/strong> estuvo el presidente, <strong>Bruno Di Carlo<\/strong>, junto con autoridades de jardines y escuelas que resultaron beneficiados. Las instituciones que recibieron las computadoras restauradas fueron seleccionadas por dicho organismo estatal y fueron la <strong>52, 1, 37, 16, 81, 10, 32, 56, 907, 923, 57, 60 y 929, adem\u00e1s del SAD<\/strong> (Secretar\u00eda de Asuntos Docentes), <strong>Tribunal Descentralizado y Consejo Escolar.<\/strong><\/p>\n<p>&nbsp;<\/p>\n<p>La iniciativa se llev\u00f3 adelante a trav\u00e9s del <strong>Departamento de Ingenier\u00eda Industrial de la FIO<\/strong> en el marco de un proyecto que promueve \u201cla reutilizaci\u00f3n de hardware obsoleto\u201d, seg\u00fan precis\u00f3 el <strong>ingeniero en sistemas Ricardo Mulle.<\/strong><\/p>\n<p>&nbsp;<\/p>\n<p>En el inicio de la propuesta el docente cont\u00f3 con el acompa\u00f1amiento de estudiantes pero dicha participaci\u00f3n se vio acotada durante la pandemia. \u201cAlgunas cosas se reutilizan y de dos o tres PC se arma una sola. A veces las computadoras solo requieren de una limpieza y formateo general\u201d expres\u00f3 Mulle.<\/p>\n<p>&nbsp;<\/p>\n<p><strong>Brecha y residuos<\/strong><\/p>\n<p>&nbsp;<\/p>\n<p><em><strong>&#8220;Este reciclado de computadoras ayuda a reducir la brecha digital, es decir, la desigualdad que hay en cuanto al acceso, uso o impacto de las Tecnolog\u00edas de la Informaci\u00f3n y la Comunicaci\u00f3n&#8221;<\/strong><\/em> se indic\u00f3. Adem\u00e1s se agreg\u00f3 que &#8220;de esta manera, estudiantes de diferentes niveles educativos de Olavarr\u00eda podr\u00e1n acceder a herramientas inform\u00e1ticas que resultan determinantes en la sociedad del conocimiento&#8221;.<\/p>\n<p>&nbsp;<\/p>\n<p>Por otra parte, <strong>las PC que ya no se usan se transforman en desechos electr\u00f3nicos y son una gran amenaza tanto para el ambiente como para la salud de las personas.<\/strong><\/p>\n<p>&nbsp;<\/p>\n<p><img data-recalc-dims=\"1\" loading=\"lazy\" decoding=\"async\" class=\"aligncenter wp-image-73136 size-full\" src=\"https:\/\/i0.wp.com\/cdnoticias.com\/wp-content\/uploads\/2022\/12\/entrega_computadoras_4.jpeg?resize=800%2C450&#038;ssl=1\" alt=\"\" width=\"800\" height=\"450\" srcset=\"https:\/\/i0.wp.com\/cdnoticias.com\/wp-content\/uploads\/2022\/12\/entrega_computadoras_4.jpeg?w=1280&amp;ssl=1 1280w, https:\/\/i0.wp.com\/cdnoticias.com\/wp-content\/uploads\/2022\/12\/entrega_computadoras_4.jpeg?resize=300%2C169&amp;ssl=1 300w, https:\/\/i0.wp.com\/cdnoticias.com\/wp-content\/uploads\/2022\/12\/entrega_computadoras_4.jpeg?resize=1024%2C576&amp;ssl=1 1024w, https:\/\/i0.wp.com\/cdnoticias.com\/wp-content\/uploads\/2022\/12\/entrega_computadoras_4.jpeg?resize=768%2C432&amp;ssl=1 768w\" sizes=\"auto, (max-width: 800px) 100vw, 800px\" \/><\/p>\n<p>&nbsp;<\/p>\n<p>En 2019 Naciones Unidas (ONU) advert\u00eda que<strong> el mundo generaba casi 50 millones de toneladas de basura electr\u00f3nica<\/strong>, un volumen que alcanzar\u00eda para levantar 4.500 Torres Eiffel. <strong>Solamente el 20% de esos residuos son reciclados<\/strong> y, si nada cambia, se estima que podr\u00eda haber hasta 120 millones de toneladas de chatarra electr\u00f3nica en 2050.<\/p>\n<p>&nbsp;<\/p>\n<p>&#8220;Todo lo que no sirve es residuo electr\u00f3nico y se deriva a las campa\u00f1as que hace la Municipalidad. La idea es reutilizar todo lo que se pueda y generar la menor cantidad de residuo posible\u201d, cerr\u00f3 el ingeniero Ricardo Mulle.<\/p>\n","protected":false},"excerpt":{"rendered":"<p>La entrega se realiz\u00f3 a trav\u00e9s del Consejo Escolar. &#8220;Este reciclado de computadoras ayuda a reducir la brecha digital, es<\/p>\n","protected":false},"author":6,"featured_media":73133,"comment_status":"closed","ping_status":"closed","sticky":false,"template":"","format":"standard","meta":{"_jetpack_memberships_contains_paid_content":false,"footnotes":""},"categories":[5,1],"tags":[],"class_list":["post-73132","post","type-post","status-publish","format-standard","has-post-thumbnail","hentry","category-informacion-general","category-portada"],"jetpack_featured_media_url":"https:\/\/i0.wp.com\/cdnoticias.com\/wp-content\/uploads\/2022\/12\/entrega_computadoras_1.jpeg?fit=1280%2C720&ssl=1","jetpack_sharing_enabled":true,"_links":{"self":[{"href":"https:\/\/cdnoticias.com\/index.php\/wp-json\/wp\/v2\/posts\/73132","targetHints":{"allow":["GET"]}}],"collection":[{"href":"https:\/\/cdnoticias.com\/index.php\/wp-json\/wp\/v2\/posts"}],"about":[{"href":"https:\/\/cdnoticias.com\/index.php\/wp-json\/wp\/v2\/types\/post"}],"author":[{"embeddable":true,"href":"https:\/\/cdnoticias.com\/index.php\/wp-json\/wp\/v2\/users\/6"}],"replies":[{"embeddable":true,"href":"https:\/\/cdnoticias.com\/index.php\/wp-json\/wp\/v2\/comments?post=73132"}],"version-history":[{"count":0,"href":"https:\/\/cdnoticias.com\/index.php\/wp-json\/wp\/v2\/posts\/73132\/revisions"}],"wp:featuredmedia":[{"embeddable":true,"href":"https:\/\/cdnoticias.com\/index.php\/wp-json\/wp\/v2\/media\/73133"}],"wp:attachment":[{"href":"https:\/\/cdnoticias.com\/index.php\/wp-json\/wp\/v2\/media?parent=73132"}],"wp:term":[{"taxonomy":"category","embeddable":true,"href":"https:\/\/cdnoticias.com\/index.php\/wp-json\/wp\/v2\/categories?post=73132"},{"taxonomy":"post_tag","embeddable":true,"href":"https:\/\/cdnoticias.com\/index.php\/wp-json\/wp\/v2\/tags?post=73132"}],"curies":[{"name":"wp","href":"https:\/\/api.w.org\/{rel}","templated":true}]}}