{"id":73118,"date":"2022-12-21T19:00:04","date_gmt":"2022-12-21T22:00:04","guid":{"rendered":"https:\/\/www.centraldenoticias.com.ar\/?p=73118"},"modified":"2022-12-21T19:20:35","modified_gmt":"2022-12-21T22:20:35","slug":"se-sortearon-las-primeras-20-viviendas-tuvi-tradicional","status":"publish","type":"post","link":"https:\/\/cdnoticias.com\/index.php\/2022\/12\/21\/se-sortearon-las-primeras-20-viviendas-tuvi-tradicional\/","title":{"rendered":"Se sortearon las primeras 20 viviendas TuVi tradicional"},"content":{"rendered":"<p>\u201cLa verdad que es un d\u00eda muy importante para la gesti\u00f3n, para el equipo de trabajo y me imagino que para ustedes tambi\u00e9n\u201d expres\u00f3 el intendente Ezequiel Galli. <!--more--><\/p>\n<hr \/>\n<p>Este mi\u00e9rcoles el<strong> intendente Ezequiel Galli<\/strong> dio inicio al acto p\u00fablico de<strong> sorteo de las primeras 20 viviendas enmarcadas en el Programa Municipal TuVi<\/strong> de construcci\u00f3n tradicional.<\/p>\n<p>&nbsp;<\/p>\n<p><em><strong>\u201cLa verdad que es un d\u00eda muy importante para la gesti\u00f3n, para el equipo de trabajo y me imagino que para ustedes tambi\u00e9n&#8221;<\/strong><\/em> enfatiz\u00f3 Galli.<\/p>\n<p>&nbsp;<\/p>\n<p>El acto se desarroll\u00f3 en el <strong>Centro Cultural Municipal San Jos\u00e9<\/strong> y cont\u00f3 tambi\u00e9n con la presencia del Secretario de Gobierno Hilario Galli, el subsecretario de Legal y T\u00e9cnica Marcelo Fabbi, la Directora de Casa de Tierras y Regularizaci\u00f3n Dominial Mar\u00eda Jos\u00e9 Gonz\u00e1lez, el subsecretario de Obras y Servicios P\u00fablicos Gonzalo Ortiz y la coordinadora del Programa TuVi Daniela De Martino.<\/p>\n<p>&nbsp;<\/p>\n<p><img data-recalc-dims=\"1\" loading=\"lazy\" decoding=\"async\" class=\"aligncenter wp-image-73122 size-full\" src=\"https:\/\/i0.wp.com\/cdnoticias.com\/wp-content\/uploads\/2022\/12\/Obras-Sorteo-Viviendas-TUVI-Tradicionales-3-scaled-1.jpg?resize=800%2C535&#038;ssl=1\" alt=\"\" width=\"800\" height=\"535\" srcset=\"https:\/\/i0.wp.com\/cdnoticias.com\/wp-content\/uploads\/2022\/12\/Obras-Sorteo-Viviendas-TUVI-Tradicionales-3-scaled-1.jpg?w=2560&amp;ssl=1 2560w, https:\/\/i0.wp.com\/cdnoticias.com\/wp-content\/uploads\/2022\/12\/Obras-Sorteo-Viviendas-TUVI-Tradicionales-3-scaled-1.jpg?resize=300%2C201&amp;ssl=1 300w, https:\/\/i0.wp.com\/cdnoticias.com\/wp-content\/uploads\/2022\/12\/Obras-Sorteo-Viviendas-TUVI-Tradicionales-3-scaled-1.jpg?resize=1024%2C684&amp;ssl=1 1024w, https:\/\/i0.wp.com\/cdnoticias.com\/wp-content\/uploads\/2022\/12\/Obras-Sorteo-Viviendas-TUVI-Tradicionales-3-scaled-1.jpg?resize=768%2C513&amp;ssl=1 768w, https:\/\/i0.wp.com\/cdnoticias.com\/wp-content\/uploads\/2022\/12\/Obras-Sorteo-Viviendas-TUVI-Tradicionales-3-scaled-1.jpg?resize=1536%2C1027&amp;ssl=1 1536w, https:\/\/i0.wp.com\/cdnoticias.com\/wp-content\/uploads\/2022\/12\/Obras-Sorteo-Viviendas-TUVI-Tradicionales-3-scaled-1.jpg?resize=2048%2C1369&amp;ssl=1 2048w, https:\/\/i0.wp.com\/cdnoticias.com\/wp-content\/uploads\/2022\/12\/Obras-Sorteo-Viviendas-TUVI-Tradicionales-3-scaled-1.jpg?resize=272%2C182&amp;ssl=1 272w, https:\/\/i0.wp.com\/cdnoticias.com\/wp-content\/uploads\/2022\/12\/Obras-Sorteo-Viviendas-TUVI-Tradicionales-3-scaled-1.jpg?w=1600&amp;ssl=1 1600w, https:\/\/i0.wp.com\/cdnoticias.com\/wp-content\/uploads\/2022\/12\/Obras-Sorteo-Viviendas-TUVI-Tradicionales-3-scaled-1.jpg?w=2400&amp;ssl=1 2400w\" sizes=\"auto, (max-width: 800px) 100vw, 800px\" \/><\/p>\n<p>&nbsp;<\/p>\n<p>El sorteo fue supervisado por el escribano Mat\u00edas Castro y cont\u00f3 con el aporte de un plano que sirvi\u00f3 para que cada familia sepa cu\u00e1l ser\u00e1 la vivienda que le va a tocar. Al respecto, el jefe comunal expres\u00f3 <em><strong>\u201cse est\u00e1n ultimando detalles para ser entregadas en el mes de enero\u201d.<\/strong><\/em><\/p>\n<p>&nbsp;<\/p>\n<p>Vale mencionar, a la par, que tambi\u00e9n durante el transcurso de la ma\u00f1ana de este mi\u00e9rcoles se llev\u00f3 a cabo la <strong>apertura de sobres de licitaci\u00f3n para la construcci\u00f3n de otras 10 viviendas enmarcadas en el Programa TuVi de Construcci\u00f3n Tradicional<\/strong>. Se present\u00f3 un \u00fanico oferente, Visan Ingenier\u00eda SA, quien cotiz\u00f3 la obra en<strong> $94.263.039,43 pesos.<\/strong><\/p>\n<p>&nbsp;<\/p>\n<p>La licitaci\u00f3n contempla la construcci\u00f3n de 10 viviendas de 45 m2, a <strong>ubicarse en el sector Pickelado,<\/strong> en el partido de Olavarr\u00eda. La obra consiste en una vivienda en planta baja, con todas sus instalaciones, revestimientos, solados, cielorrasos, artefactos y accesorios necesarios para un buen funcionamiento.<\/p>\n<p>&nbsp;<\/p>\n<p><img data-recalc-dims=\"1\" loading=\"lazy\" decoding=\"async\" class=\"aligncenter wp-image-73123 size-full\" src=\"https:\/\/i0.wp.com\/cdnoticias.com\/wp-content\/uploads\/2022\/12\/Obras-Sorteo-Viviendas-TUVI-Tradicionales-1-scaled-1.jpg?resize=800%2C535&#038;ssl=1\" alt=\"\" width=\"800\" height=\"535\" srcset=\"https:\/\/i0.wp.com\/cdnoticias.com\/wp-content\/uploads\/2022\/12\/Obras-Sorteo-Viviendas-TUVI-Tradicionales-1-scaled-1.jpg?w=2560&amp;ssl=1 2560w, https:\/\/i0.wp.com\/cdnoticias.com\/wp-content\/uploads\/2022\/12\/Obras-Sorteo-Viviendas-TUVI-Tradicionales-1-scaled-1.jpg?resize=300%2C201&amp;ssl=1 300w, https:\/\/i0.wp.com\/cdnoticias.com\/wp-content\/uploads\/2022\/12\/Obras-Sorteo-Viviendas-TUVI-Tradicionales-1-scaled-1.jpg?resize=1024%2C684&amp;ssl=1 1024w, https:\/\/i0.wp.com\/cdnoticias.com\/wp-content\/uploads\/2022\/12\/Obras-Sorteo-Viviendas-TUVI-Tradicionales-1-scaled-1.jpg?resize=768%2C513&amp;ssl=1 768w, https:\/\/i0.wp.com\/cdnoticias.com\/wp-content\/uploads\/2022\/12\/Obras-Sorteo-Viviendas-TUVI-Tradicionales-1-scaled-1.jpg?resize=1536%2C1027&amp;ssl=1 1536w, https:\/\/i0.wp.com\/cdnoticias.com\/wp-content\/uploads\/2022\/12\/Obras-Sorteo-Viviendas-TUVI-Tradicionales-1-scaled-1.jpg?resize=2048%2C1369&amp;ssl=1 2048w, https:\/\/i0.wp.com\/cdnoticias.com\/wp-content\/uploads\/2022\/12\/Obras-Sorteo-Viviendas-TUVI-Tradicionales-1-scaled-1.jpg?resize=272%2C182&amp;ssl=1 272w, https:\/\/i0.wp.com\/cdnoticias.com\/wp-content\/uploads\/2022\/12\/Obras-Sorteo-Viviendas-TUVI-Tradicionales-1-scaled-1.jpg?w=1600&amp;ssl=1 1600w, https:\/\/i0.wp.com\/cdnoticias.com\/wp-content\/uploads\/2022\/12\/Obras-Sorteo-Viviendas-TUVI-Tradicionales-1-scaled-1.jpg?w=2400&amp;ssl=1 2400w\" sizes=\"auto, (max-width: 800px) 100vw, 800px\" \/><\/p>\n<p>&nbsp;<\/p>\n","protected":false},"excerpt":{"rendered":"<p>\u201cLa verdad que es un d\u00eda muy importante para la gesti\u00f3n, para el equipo de trabajo y me imagino que<\/p>\n","protected":false},"author":6,"featured_media":73121,"comment_status":"closed","ping_status":"closed","sticky":false,"template":"","format":"standard","meta":{"_jetpack_memberships_contains_paid_content":false,"footnotes":""},"categories":[5,1],"tags":[],"class_list":["post-73118","post","type-post","status-publish","format-standard","has-post-thumbnail","hentry","category-informacion-general","category-portada"],"jetpack_featured_media_url":"https:\/\/i0.wp.com\/cdnoticias.com\/wp-content\/uploads\/2022\/12\/Obras-Sorteo-Viviendas-TUVI-Tradicionales-2-scaled-1.jpg?fit=2560%2C1711&ssl=1","jetpack_sharing_enabled":true,"_links":{"self":[{"href":"https:\/\/cdnoticias.com\/index.php\/wp-json\/wp\/v2\/posts\/73118","targetHints":{"allow":["GET"]}}],"collection":[{"href":"https:\/\/cdnoticias.com\/index.php\/wp-json\/wp\/v2\/posts"}],"about":[{"href":"https:\/\/cdnoticias.com\/index.php\/wp-json\/wp\/v2\/types\/post"}],"author":[{"embeddable":true,"href":"https:\/\/cdnoticias.com\/index.php\/wp-json\/wp\/v2\/users\/6"}],"replies":[{"embeddable":true,"href":"https:\/\/cdnoticias.com\/index.php\/wp-json\/wp\/v2\/comments?post=73118"}],"version-history":[{"count":0,"href":"https:\/\/cdnoticias.com\/index.php\/wp-json\/wp\/v2\/posts\/73118\/revisions"}],"wp:featuredmedia":[{"embeddable":true,"href":"https:\/\/cdnoticias.com\/index.php\/wp-json\/wp\/v2\/media\/73121"}],"wp:attachment":[{"href":"https:\/\/cdnoticias.com\/index.php\/wp-json\/wp\/v2\/media?parent=73118"}],"wp:term":[{"taxonomy":"category","embeddable":true,"href":"https:\/\/cdnoticias.com\/index.php\/wp-json\/wp\/v2\/categories?post=73118"},{"taxonomy":"post_tag","embeddable":true,"href":"https:\/\/cdnoticias.com\/index.php\/wp-json\/wp\/v2\/tags?post=73118"}],"curies":[{"name":"wp","href":"https:\/\/api.w.org\/{rel}","templated":true}]}}