{"id":73113,"date":"2022-11-21T15:00:28","date_gmt":"2022-11-21T18:00:28","guid":{"rendered":"https:\/\/www.centraldenoticias.com.ar\/?p=73113"},"modified":"2022-12-27T18:27:24","modified_gmt":"2022-12-27T21:27:24","slug":"joaquin-phoenix-llega-a-insurgente-con-un-melancolico-film","status":"publish","type":"post","link":"https:\/\/cdnoticias.com\/index.php\/2022\/11\/21\/joaquin-phoenix-llega-a-insurgente-con-un-melancolico-film\/","title":{"rendered":"Joaquin Phoenix llega a Insurgente con un melanc\u00f3lico film"},"content":{"rendered":"<p>Este jueves 22 de diciembre se proyectar\u00e1 la pel\u00edcula &#8220;C&#8217;mon c&#8217;mon&#8221;. <!--more--><\/p>\n<hr \/>\n<p>En el <strong>marco del ciclo de cine del espacio cultural Insurgente,<\/strong> este <strong>jueves 22 de diciembre a las 21 horas se proyectar\u00e1 <em>&#8220;C&#8217;mon c&#8217;mon&#8221;<\/em><\/strong> (2021) protagonizada por <strong>Joaquin Phoenix<\/strong> y dirigido por Mike Mills.<\/p>\n<p>&nbsp;<\/p>\n<p><em><strong>&#8220;C&#8217;mon c&#8217;mon&#8221; <\/strong><\/em>es una pel\u00edcula con una narrativa poco convencional que pone el foco en la conexi\u00f3n del espectador con los personajes. Una historia que habla de los v\u00ednculos, la ni\u00f1ez, la escucha, el dolor y la familia&#8221; se indic\u00f3.<\/p>\n<p>&nbsp;<\/p>\n<p><img data-recalc-dims=\"1\" loading=\"lazy\" decoding=\"async\" class=\"aligncenter wp-image-73116 size-full\" src=\"https:\/\/i0.wp.com\/cdnoticias.com\/wp-content\/uploads\/2022\/12\/WhatsApp-Image-2022-12-20-at-18.49.06.jpeg?resize=800%2C1423&#038;ssl=1\" alt=\"\" width=\"800\" height=\"1423\" srcset=\"https:\/\/i0.wp.com\/cdnoticias.com\/wp-content\/uploads\/2022\/12\/WhatsApp-Image-2022-12-20-at-18.49.06.jpeg?w=899&amp;ssl=1 899w, https:\/\/i0.wp.com\/cdnoticias.com\/wp-content\/uploads\/2022\/12\/WhatsApp-Image-2022-12-20-at-18.49.06.jpeg?resize=169%2C300&amp;ssl=1 169w, https:\/\/i0.wp.com\/cdnoticias.com\/wp-content\/uploads\/2022\/12\/WhatsApp-Image-2022-12-20-at-18.49.06.jpeg?resize=576%2C1024&amp;ssl=1 576w, https:\/\/i0.wp.com\/cdnoticias.com\/wp-content\/uploads\/2022\/12\/WhatsApp-Image-2022-12-20-at-18.49.06.jpeg?resize=768%2C1366&amp;ssl=1 768w, https:\/\/i0.wp.com\/cdnoticias.com\/wp-content\/uploads\/2022\/12\/WhatsApp-Image-2022-12-20-at-18.49.06.jpeg?resize=864%2C1536&amp;ssl=1 864w\" sizes=\"auto, (max-width: 800px) 100vw, 800px\" \/><\/p>\n<p>&nbsp;<\/p>\n<p>Adem\u00e1s se agreg\u00f3 que &#8220;el film de Mills busca dialogar sobre la necesidad humana de comunicarse. <em><strong>&#8220;C&#8217;mon c&#8217;mon&#8221;<\/strong><\/em> es emotiva, dulce y melanc\u00f3lica pero sobre todo profundamente humana. Una pel\u00edcula que dice m\u00e1s de lo que muestra sobre el mundo contempor\u00e1neo, con la sencillez y la sabidur\u00eda de quien reconoce no tener todas las respuestas pero est\u00e1 dispuesto a o\u00edr a las nuevas generaciones. Tengan la edad que tengan&#8221;.<\/p>\n<p>&nbsp;<\/p>\n<p>Luego de la proyecci\u00f3n se realizar\u00e1 una <strong>charla debate grupal de an\u00e1lisis.<\/strong> La actividad ser\u00e1 en Belgrano 3345 y<strong> no se suspende por lluvia.<\/strong><\/p>\n<p>&nbsp;<\/p>\n<p>Por \u00faltimo, se aclar\u00f3 que es con <strong>entrada libre y gratuita.<\/strong> Los participantes podr\u00e1n realizar una colaboraci\u00f3n voluntaria y habr\u00e1 servicio de cantina.<\/p>\n","protected":false},"excerpt":{"rendered":"<p>Este jueves 22 de diciembre se proyectar\u00e1 la pel\u00edcula &#8220;C&#8217;mon c&#8217;mon&#8221;.<\/p>\n","protected":false},"author":6,"featured_media":73114,"comment_status":"closed","ping_status":"closed","sticky":false,"template":"","format":"standard","meta":{"_jetpack_memberships_contains_paid_content":false,"footnotes":""},"categories":[9,1],"tags":[],"class_list":["post-73113","post","type-post","status-publish","format-standard","has-post-thumbnail","hentry","category-cultura","category-portada"],"jetpack_featured_media_url":"https:\/\/i0.wp.com\/cdnoticias.com\/wp-content\/uploads\/2022\/12\/Diseno-sin-titulo-64.jpg?fit=1920%2C1080&ssl=1","jetpack_sharing_enabled":true,"_links":{"self":[{"href":"https:\/\/cdnoticias.com\/index.php\/wp-json\/wp\/v2\/posts\/73113","targetHints":{"allow":["GET"]}}],"collection":[{"href":"https:\/\/cdnoticias.com\/index.php\/wp-json\/wp\/v2\/posts"}],"about":[{"href":"https:\/\/cdnoticias.com\/index.php\/wp-json\/wp\/v2\/types\/post"}],"author":[{"embeddable":true,"href":"https:\/\/cdnoticias.com\/index.php\/wp-json\/wp\/v2\/users\/6"}],"replies":[{"embeddable":true,"href":"https:\/\/cdnoticias.com\/index.php\/wp-json\/wp\/v2\/comments?post=73113"}],"version-history":[{"count":0,"href":"https:\/\/cdnoticias.com\/index.php\/wp-json\/wp\/v2\/posts\/73113\/revisions"}],"wp:featuredmedia":[{"embeddable":true,"href":"https:\/\/cdnoticias.com\/index.php\/wp-json\/wp\/v2\/media\/73114"}],"wp:attachment":[{"href":"https:\/\/cdnoticias.com\/index.php\/wp-json\/wp\/v2\/media?parent=73113"}],"wp:term":[{"taxonomy":"category","embeddable":true,"href":"https:\/\/cdnoticias.com\/index.php\/wp-json\/wp\/v2\/categories?post=73113"},{"taxonomy":"post_tag","embeddable":true,"href":"https:\/\/cdnoticias.com\/index.php\/wp-json\/wp\/v2\/tags?post=73113"}],"curies":[{"name":"wp","href":"https:\/\/api.w.org\/{rel}","templated":true}]}}