{"id":73062,"date":"2022-12-20T19:34:17","date_gmt":"2022-12-20T22:34:17","guid":{"rendered":"https:\/\/www.centraldenoticias.com.ar\/?p=73062"},"modified":"2022-12-20T19:54:48","modified_gmt":"2022-12-20T22:54:48","slug":"los-increibles-festejos-terminaron-en-helicoptero-ante-mas-de-5-millones-de-personas","status":"publish","type":"post","link":"https:\/\/cdnoticias.com\/index.php\/2022\/12\/20\/los-increibles-festejos-terminaron-en-helicoptero-ante-mas-de-5-millones-de-personas\/","title":{"rendered":"Los incre\u00edbles festejos terminaron en helic\u00f3ptero ante m\u00e1s de 5 millones de personas"},"content":{"rendered":"<p>Tras registrar un incidente con dos hinchas que se arrojaron de un puente para caer dentro del colectivo, decidieron finalizar la celebraci\u00f3n. \u201cChiqui\u201d Tapia apunt\u00f3 contra los organismos de seguridad de CABA y Naci\u00f3n.<!--more--><\/p>\n<hr \/>\n<p>Luego de comenzar<strong> la jornada de celebraci\u00f3n del plantel de la Selecci\u00f3n Argentina tras ser campeones mundiales en Qatar, la impresionante asistencia, las complicaciones con algunos de los asistentes y algunos desencuentros en el operativo de seguridad hizo que todo termine\u00a0antes<\/strong> y los jugadores volvieron en helic\u00f3ptero, donde recorrieron la ciudad.<\/p>\n<p>&nbsp;<\/p>\n<p><em>\u201cLos campeones del Mundo est\u00e1n sobrevolando todo el recorrido en helic\u00f3pteros porque se hizo imposible seguir por tierra ante la explosi\u00f3n de alegr\u00eda popular<\/em>\u201d, comunic\u00f3 esta tarde la portavoz de Presidencia, Gabriela Cerruti. Y pidi\u00f3:<em> \u201c\u00a1Sigamos celebrando en paz y mostr\u00e1ndoles nuestro amor y admiraci\u00f3n!\u201d\u00a0<\/em><\/p>\n<p>&nbsp;<\/p>\n<p>Antes, el titular de la AFA, <strong>Claudio \u201cChiqui\u201d Tapia, hab\u00eda apuntado contra los organismos de Seguridad al se\u00f1alar que \u201cno nos permiten avanzar\u201d para llegar al Obelisco.<\/strong><\/p>\n<p>&nbsp;<\/p>\n<blockquote><p>\u201cNo nos dejan llegar a saludar a toda la gente que estaba en el Obelisco, los mismos organismos de Seguridad que nos escoltaban, no nos permiten avanzar\u201d, sostuvo el titular de la AFA en su cuenta de Twitter.<\/p><\/blockquote>\n<p>&nbsp;<\/p>\n<p><strong>La Selecci\u00f3n nacional de f\u00fatbol inici\u00f3 desde las 11:00 horas una caravana desde el predio de Ezeiza de la AFA hacia las calles de la ciudad de Buenos Aires para celebrar el t\u00edtulo mundial.<\/strong> En ese marco, se estima que m\u00e1s de 5 millones de personas salieron a festejar.<\/p>\n<p>&nbsp;<\/p>\n<p><img data-recalc-dims=\"1\" loading=\"lazy\" decoding=\"async\" class=\"alignnone size-large wp-image-73064\" src=\"https:\/\/i0.wp.com\/cdnoticias.com\/wp-content\/uploads\/2022\/12\/festejos-arg2.jpg?resize=800%2C1001&#038;ssl=1\" alt=\"\" width=\"800\" height=\"1001\" srcset=\"https:\/\/i0.wp.com\/cdnoticias.com\/wp-content\/uploads\/2022\/12\/festejos-arg2.jpg?resize=818%2C1024&amp;ssl=1 818w, https:\/\/i0.wp.com\/cdnoticias.com\/wp-content\/uploads\/2022\/12\/festejos-arg2.jpg?resize=240%2C300&amp;ssl=1 240w, https:\/\/i0.wp.com\/cdnoticias.com\/wp-content\/uploads\/2022\/12\/festejos-arg2.jpg?resize=768%2C961&amp;ssl=1 768w, https:\/\/i0.wp.com\/cdnoticias.com\/wp-content\/uploads\/2022\/12\/festejos-arg2.jpg?resize=1228%2C1536&amp;ssl=1 1228w, https:\/\/i0.wp.com\/cdnoticias.com\/wp-content\/uploads\/2022\/12\/festejos-arg2.jpg?w=1290&amp;ssl=1 1290w\" sizes=\"auto, (max-width: 800px) 100vw, 800px\" \/><\/p>\n<p>&nbsp;<\/p>\n<p>\u201cLos futbolistas se acercar\u00e1n a saludar a los hinchas desde la Autopista 25 de mayo y 9 de Julio, de acuerdo al circuito dispuesto por los organismos de Seguridad (Naci\u00f3n, Provincia y Ciudad de Buenos Aires)\u201d, informaron cerca del mediod\u00eda desde la Selecci\u00f3n.<\/p>\n<p>&nbsp;<\/p>\n<p>Cuando el dato comenz\u00f3 a propagarse entre la multitud, <strong>decenas de miles de personas comenzaron a desplazarse hacia la Autopista en su intersecci\u00f3n con la Avenida 9 de Julio y comenzaron a subir a la cinta de la misma.<\/strong><\/p>\n<p>&nbsp;<\/p>\n<p>En el marco del recorrido hubo un hecho peligroso, cuando <strong>dos hinchas se arrojaron desde un puente hacia el interior del colectivo. Uno de ellos logr\u00f3 su objetivo y el otro termin\u00f3 en la cinta asf\u00e1ltica.<\/strong><\/p>\n<p>&nbsp;<\/p>\n<blockquote><p>El recorrido en colectivo finalmente fue suspendido y los jugadores fueron trasladados al predio de la AFA en helic\u00f3ptero, luego de sobrevolar la ciudad de Buenos Aires.<\/p><\/blockquote>\n<p>&nbsp;<\/p>\n<p>Cerca de las 16 horas, <strong>Tapia apunt\u00f3 contra los organismos de Seguridad y advirti\u00f3 que no iban a poder llegar al Obelisco<\/strong>. \u201cMil disculpas en nombre de todos los jugadores Campeones. Una pena\u201d, agreg\u00f3.<\/p>\n<p>&nbsp;<\/p>\n<p><img data-recalc-dims=\"1\" loading=\"lazy\" decoding=\"async\" class=\"alignnone size-full wp-image-73065\" src=\"https:\/\/i0.wp.com\/cdnoticias.com\/wp-content\/uploads\/2022\/12\/festejos-arg1.jpg?resize=622%2C717&#038;ssl=1\" alt=\"\" width=\"622\" height=\"717\" srcset=\"https:\/\/i0.wp.com\/cdnoticias.com\/wp-content\/uploads\/2022\/12\/festejos-arg1.jpg?w=622&amp;ssl=1 622w, https:\/\/i0.wp.com\/cdnoticias.com\/wp-content\/uploads\/2022\/12\/festejos-arg1.jpg?resize=260%2C300&amp;ssl=1 260w\" sizes=\"auto, (max-width: 622px) 100vw, 622px\" \/><\/p>\n<p>&nbsp;<\/p>\n<p>Luego realiz\u00f3 otra publicaci\u00f3n y<strong> agradeci\u00f3 a la provincia de Buenos Aires y a su ministro de Seguridad, Sergio Berni,<\/strong> ya que <em>\u201cfue el \u00fanico que acompa\u00f1\u00f3 durante toda la recorrida hasta la entrada a la Capital sin registrar ning\u00fan incidente, permitiendo a los jugadores abrazarse al pueblo argentino\u201d.<\/em><\/p>\n<p>&nbsp;<\/p>\n<blockquote class=\"twitter-tweet\">\n<p dir=\"ltr\" lang=\"es\">Agradecemos a la provincia de Buenos Aires, encabezada por su ministro de seguridad Sergio Berni, que fue el \u00fanico que acompa\u00f1\u00f3 durante toda la recorrida hasta la entrada a la capital sin registrar ning\u00fan incidente, permitiendo a los jugadores abrazarse al pueblo argentino \u26bd\ud83c\udde6\ud83c\uddf7<\/p>\n<p>\u2014 Chiqui Tapia (@tapiachiqui) <a href=\"https:\/\/twitter.com\/tapiachiqui\/status\/1605282549735084039?ref_src=twsrc%5Etfw\">December 20, 2022<\/a><\/p><\/blockquote>\n<p><script async src=\"https:\/\/platform.twitter.com\/widgets.js\" charset=\"utf-8\"><\/script><\/p>\n<p>&nbsp;<\/p>\n<p>De todas maneras,<strong> el plantel se mostr\u00f3 arriba del helic\u00f3ptero con felicidad la conquista y se conmovieron ante tama\u00f1a demostraci\u00f3n popular en Buenos Aires, en este martes feriado propicio para la celebraci\u00f3n.<\/strong><\/p>\n","protected":false},"excerpt":{"rendered":"<p>Tras registrar un incidente con dos hinchas que se arrojaron de un puente para caer dentro del colectivo, decidieron finalizar<\/p>\n","protected":false},"author":2,"featured_media":73063,"comment_status":"closed","ping_status":"closed","sticky":false,"template":"","format":"standard","meta":{"_jetpack_memberships_contains_paid_content":false,"footnotes":""},"categories":[6,1],"tags":[],"class_list":["post-73062","post","type-post","status-publish","format-standard","has-post-thumbnail","hentry","category-nacionales","category-portada"],"jetpack_featured_media_url":"https:\/\/i0.wp.com\/cdnoticias.com\/wp-content\/uploads\/2022\/12\/festejos-arg.jpg?fit=1024%2C570&ssl=1","jetpack_sharing_enabled":true,"_links":{"self":[{"href":"https:\/\/cdnoticias.com\/index.php\/wp-json\/wp\/v2\/posts\/73062","targetHints":{"allow":["GET"]}}],"collection":[{"href":"https:\/\/cdnoticias.com\/index.php\/wp-json\/wp\/v2\/posts"}],"about":[{"href":"https:\/\/cdnoticias.com\/index.php\/wp-json\/wp\/v2\/types\/post"}],"author":[{"embeddable":true,"href":"https:\/\/cdnoticias.com\/index.php\/wp-json\/wp\/v2\/users\/2"}],"replies":[{"embeddable":true,"href":"https:\/\/cdnoticias.com\/index.php\/wp-json\/wp\/v2\/comments?post=73062"}],"version-history":[{"count":0,"href":"https:\/\/cdnoticias.com\/index.php\/wp-json\/wp\/v2\/posts\/73062\/revisions"}],"wp:featuredmedia":[{"embeddable":true,"href":"https:\/\/cdnoticias.com\/index.php\/wp-json\/wp\/v2\/media\/73063"}],"wp:attachment":[{"href":"https:\/\/cdnoticias.com\/index.php\/wp-json\/wp\/v2\/media?parent=73062"}],"wp:term":[{"taxonomy":"category","embeddable":true,"href":"https:\/\/cdnoticias.com\/index.php\/wp-json\/wp\/v2\/categories?post=73062"},{"taxonomy":"post_tag","embeddable":true,"href":"https:\/\/cdnoticias.com\/index.php\/wp-json\/wp\/v2\/tags?post=73062"}],"curies":[{"name":"wp","href":"https:\/\/api.w.org\/{rel}","templated":true}]}}