{"id":73047,"date":"2022-12-20T08:51:06","date_gmt":"2022-12-20T11:51:06","guid":{"rendered":"https:\/\/www.centraldenoticias.com.ar\/?p=73047"},"modified":"2022-12-20T08:51:06","modified_gmt":"2022-12-20T11:51:06","slug":"el-ceco-cerro-sus-dependencias-a-raiz-del-feriado-nacional","status":"publish","type":"post","link":"https:\/\/cdnoticias.com\/index.php\/2022\/12\/20\/el-ceco-cerro-sus-dependencias-a-raiz-del-feriado-nacional\/","title":{"rendered":"El CECO cerr\u00f3 sus dependencias a ra\u00edz del feriado nacional"},"content":{"rendered":"<p>La medida rige para farmacias, obra social, policonsultorios, jard\u00edn y gimnasio. Indicaron que \u201caquellos trabajadores que realicen sus tareas cobrar\u00e1n las horas al 100% y gozar\u00e1n de un franco compensatorio.<!--more--><\/p>\n<hr \/>\n<p>El presidente Alberto Fern\u00e1ndez decret\u00f3 un feriado nacional para este <strong>martes 20 de diciembre de 2022.<\/strong> En los d\u00edas feriados nacionales rigen las normas legales sobre el descanso dominical, y aquellos trabajadores que realicen sus tareas cobrar\u00e1n las horas al 100% y gozar\u00e1n de un franco compensatorio.<\/p>\n<p>&nbsp;<\/p>\n<p>El DNU se\u00f1ala que se declara &#8220;feriado nacional el d\u00eda 20 de diciembre de 2022 con el fin de que el pueblo argentino pueda festejar y compartir con la Selecci\u00f3n masculina argentina de f\u00fatbol el t\u00edtulo de Campeones Mundiales de F\u00fatbol obtenido en la Copa Mundial de la FIFA Catar 2022&#8221;<\/p>\n<p>&nbsp;<\/p>\n<p>Este martes 20, nuestras dependencias:<strong> la farmacia sindical, OSECAC, los policonsultorios CECO, las Farmacias AMMBA, el Jard\u00edn Ni\u00f1o Feliz y el Gimnasio Funcional del CECO permanecer\u00e1n cerradas.<\/strong><\/p>\n","protected":false},"excerpt":{"rendered":"<p>La medida rige para farmacias, obra social, policonsultorios, jard\u00edn y gimnasio. Indicaron que \u201caquellos trabajadores que realicen sus tareas cobrar\u00e1n<\/p>\n","protected":false},"author":5,"featured_media":33612,"comment_status":"closed","ping_status":"closed","sticky":false,"template":"","format":"standard","meta":{"_jetpack_memberships_contains_paid_content":false,"footnotes":""},"categories":[5,1],"tags":[],"class_list":["post-73047","post","type-post","status-publish","format-standard","has-post-thumbnail","hentry","category-informacion-general","category-portada"],"jetpack_featured_media_url":"https:\/\/i0.wp.com\/cdnoticias.com\/wp-content\/uploads\/2021\/09\/ceco-empleados-de-comercio00.jpg?fit=808%2C450&ssl=1","jetpack_sharing_enabled":true,"_links":{"self":[{"href":"https:\/\/cdnoticias.com\/index.php\/wp-json\/wp\/v2\/posts\/73047","targetHints":{"allow":["GET"]}}],"collection":[{"href":"https:\/\/cdnoticias.com\/index.php\/wp-json\/wp\/v2\/posts"}],"about":[{"href":"https:\/\/cdnoticias.com\/index.php\/wp-json\/wp\/v2\/types\/post"}],"author":[{"embeddable":true,"href":"https:\/\/cdnoticias.com\/index.php\/wp-json\/wp\/v2\/users\/5"}],"replies":[{"embeddable":true,"href":"https:\/\/cdnoticias.com\/index.php\/wp-json\/wp\/v2\/comments?post=73047"}],"version-history":[{"count":0,"href":"https:\/\/cdnoticias.com\/index.php\/wp-json\/wp\/v2\/posts\/73047\/revisions"}],"wp:featuredmedia":[{"embeddable":true,"href":"https:\/\/cdnoticias.com\/index.php\/wp-json\/wp\/v2\/media\/33612"}],"wp:attachment":[{"href":"https:\/\/cdnoticias.com\/index.php\/wp-json\/wp\/v2\/media?parent=73047"}],"wp:term":[{"taxonomy":"category","embeddable":true,"href":"https:\/\/cdnoticias.com\/index.php\/wp-json\/wp\/v2\/categories?post=73047"},{"taxonomy":"post_tag","embeddable":true,"href":"https:\/\/cdnoticias.com\/index.php\/wp-json\/wp\/v2\/tags?post=73047"}],"curies":[{"name":"wp","href":"https:\/\/api.w.org\/{rel}","templated":true}]}}