{"id":73044,"date":"2022-12-20T08:42:26","date_gmt":"2022-12-20T11:42:26","guid":{"rendered":"https:\/\/www.centraldenoticias.com.ar\/?p=73044"},"modified":"2022-12-20T08:42:26","modified_gmt":"2022-12-20T11:42:26","slug":"los-campeones-del-mundo-estan-en-la-argentina-y-la-fiesta-seguira-todo-el-dia","status":"publish","type":"post","link":"https:\/\/cdnoticias.com\/index.php\/2022\/12\/20\/los-campeones-del-mundo-estan-en-la-argentina-y-la-fiesta-seguira-todo-el-dia\/","title":{"rendered":"Los campeones del mundo est\u00e1n en la Argentina y la fiesta seguir\u00e1 todo el d\u00eda"},"content":{"rendered":"<p>Una multitud los acompa\u00f1\u00f3 hasta el predio de la AFA. El primero en bajar fue Lionel Messi a las 2.56. Fueron recibidos por un show de La Mosca.<!--more--><\/p>\n<hr \/>\n<p>Los futbolistas y el cuerpo t\u00e9cnico que se coronaron campeones en el Mundial de Qatar 2022 <strong>aterrizaron en Ezeiza a las 2.24 y trajeron al pa\u00eds la Copa del Mundo, a 36 a\u00f1os de la \u00faltima conquista obtenida en M\u00e9xico 1986.<\/strong> Ante una multitud que los esperaba, el plantel est\u00e1 en el pa\u00eds y la fiesta se extender\u00e1 a lo largo de toda la jornada.<\/p>\n<p>&nbsp;<\/p>\n<p>El primero en bajar fue <strong>Lionel Messi, a las 2.56.<\/strong> Sali\u00f3 con la Copa del Mundo en la mano y junto a Lionel Scaloni. Los esperaba una nutrida comitiva en la que se encontraban el ministro de Interior, Wado de Pedro, y otros funcionarios del gobierno como la Directora Nacional de Migraciones, Florencia Carignano, adem\u00e1s del embajador de Qatar, Battal Al Dosari, entre otros. Ninguno de ellos fue saludado de manera directa por los futbolistas.<\/p>\n<p>&nbsp;<\/p>\n<p>El arribo de los jugadores fue saludado por la interpretaci\u00f3n en vivo, a cargo del grupo musical <strong>La Mosca<\/strong>, del tema que se convirti\u00f3 en himno de los hinchas albicelestes en el Mundial, \u201cMuchachos, ahora nos volvimos a ilusionar\u201d, que acompa\u00f1\u00f3 el descenso de los futbolistas, del cuerpo t\u00e9cnico y de los dirigentes del avi\u00f3n.<\/p>\n<p>&nbsp;<\/p>\n<blockquote><p>Luego, el plantel argentino subi\u00f3 a un micro descapotable ploteado para la ocasi\u00f3n con la imagen de los jugadores y la Copa, y sali\u00f3 del aeropuerto por un sector lateral, directo a la autopista Riccheri, con destino al predio que posee la AFA en Ezeiza.<\/p><\/blockquote>\n<p>&nbsp;<\/p>\n<p><strong>El trayecto fue a paso de hombre.<\/strong> Decenas de polic\u00edas a pie, en motos y en patrulleros formaron un cord\u00f3n humano que avanzaba a la par del micro. A su alrededor, miles de personas que se agolpaban para conseguir su foto y su saludo de los futbolistas. Llegaron al predio de la AFA poco despu\u00e9s de las 4 de la madrugada,<strong> casi dos horas despu\u00e9s de haber aterrizado.<\/strong><\/p>\n<p>&nbsp;<\/p>\n<p>En la puerta de la sede deportiva tambi\u00e9n los esperaba una multitud, muchas de las personas estaban congregadas all\u00ed desde la ma\u00f1ana, varios de ellos llegados desde distintos puntos del pa\u00eds, que los recibi\u00f3 con una batucada interminable y bengalas multicolores mientras que al ingresar el micro al predio de la AFA comenz\u00f3 un ensordecedor espect\u00e1culo de fuegos artificiales.<\/p>\n<p>&nbsp;<\/p>\n<p>Esta ma\u00f1ana, en medio de una enorme expectativa y el<a href=\"https:\/\/cdnoticias.com\/index.php\/2022\/12\/19\/este-martes-se-decreto-feriado-nacional-por-los-festejos-de-la-seleccion-argentina\/\" target=\"_blank\" rel=\"noopener\"> feriado decretado por el Gobierno nacional,<\/a> el plantel campe\u00f3n del mundo partir\u00e1 desde el predio de la AFA hacia la Ciudad de Buenos Aires, con destino principal a la zona del Obelisco porte\u00f1o, donde el micro descapotable realizar\u00e1 un recorrido para recibir el homenaje y el reconocimiento popular.<\/p>\n<p>&nbsp;<\/p>\n<p><em>Fuente: DIB.<\/em><\/p>\n<p>&nbsp;<\/p>\n<p><strong>Record\u00e1 los festejos en Olavarr\u00eda:<\/strong><\/p>\n<p>&nbsp;<\/p>\n<blockquote class=\"wp-embedded-content\" data-secret=\"jhWlaR5N8f\"><p><a href=\"https:\/\/cdnoticias.com\/index.php\/2022\/12\/19\/mas-de-los-festejos-de-argentina-campeon-del-mundo\/\">M\u00e1s de los festejos de \u00a1Argentina, campe\u00f3n del mundo!<\/a><\/p><\/blockquote>\n<p><iframe loading=\"lazy\" class=\"wp-embedded-content\" sandbox=\"allow-scripts\" security=\"restricted\" style=\"position: absolute; clip: rect(1px, 1px, 1px, 1px);\" title=\"&#8220;M\u00e1s de los festejos de \u00a1Argentina, campe\u00f3n del mundo!&#8221; &#8212; Central de Noticias | Olavarr\u00eda\" src=\"https:\/\/cdnoticias.com\/index.php\/2022\/12\/19\/mas-de-los-festejos-de-argentina-campeon-del-mundo\/embed\/#?secret=nlUslOHTvG#?secret=jhWlaR5N8f\" data-secret=\"jhWlaR5N8f\" width=\"600\" height=\"338\" frameborder=\"0\" marginwidth=\"0\" marginheight=\"0\" scrolling=\"no\"><\/iframe><\/p>\n","protected":false},"excerpt":{"rendered":"<p>Una multitud los acompa\u00f1\u00f3 hasta el predio de la AFA. El primero en bajar fue Lionel Messi a las 2.56.<\/p>\n","protected":false},"author":5,"featured_media":73045,"comment_status":"closed","ping_status":"closed","sticky":false,"template":"","format":"standard","meta":{"_jetpack_memberships_contains_paid_content":false,"footnotes":""},"categories":[5,1],"tags":[],"class_list":["post-73044","post","type-post","status-publish","format-standard","has-post-thumbnail","hentry","category-informacion-general","category-portada"],"jetpack_featured_media_url":"https:\/\/i0.wp.com\/cdnoticias.com\/wp-content\/uploads\/2022\/12\/jugadores-1.jpg?fit=2048%2C1365&ssl=1","jetpack_sharing_enabled":true,"_links":{"self":[{"href":"https:\/\/cdnoticias.com\/index.php\/wp-json\/wp\/v2\/posts\/73044","targetHints":{"allow":["GET"]}}],"collection":[{"href":"https:\/\/cdnoticias.com\/index.php\/wp-json\/wp\/v2\/posts"}],"about":[{"href":"https:\/\/cdnoticias.com\/index.php\/wp-json\/wp\/v2\/types\/post"}],"author":[{"embeddable":true,"href":"https:\/\/cdnoticias.com\/index.php\/wp-json\/wp\/v2\/users\/5"}],"replies":[{"embeddable":true,"href":"https:\/\/cdnoticias.com\/index.php\/wp-json\/wp\/v2\/comments?post=73044"}],"version-history":[{"count":0,"href":"https:\/\/cdnoticias.com\/index.php\/wp-json\/wp\/v2\/posts\/73044\/revisions"}],"wp:featuredmedia":[{"embeddable":true,"href":"https:\/\/cdnoticias.com\/index.php\/wp-json\/wp\/v2\/media\/73045"}],"wp:attachment":[{"href":"https:\/\/cdnoticias.com\/index.php\/wp-json\/wp\/v2\/media?parent=73044"}],"wp:term":[{"taxonomy":"category","embeddable":true,"href":"https:\/\/cdnoticias.com\/index.php\/wp-json\/wp\/v2\/categories?post=73044"},{"taxonomy":"post_tag","embeddable":true,"href":"https:\/\/cdnoticias.com\/index.php\/wp-json\/wp\/v2\/tags?post=73044"}],"curies":[{"name":"wp","href":"https:\/\/api.w.org\/{rel}","templated":true}]}}