{"id":7303,"date":"2020-11-24T15:54:30","date_gmt":"2020-11-24T18:54:30","guid":{"rendered":"http:\/\/www.centraldenoticias.com.ar\/?p=7303"},"modified":"2020-11-24T15:54:30","modified_gmt":"2020-11-24T18:54:30","slug":"waldo-eugenio-encina-chino-q-e-p-d","status":"publish","type":"post","link":"https:\/\/cdnoticias.com\/index.php\/2020\/11\/24\/waldo-eugenio-encina-chino-q-e-p-d\/","title":{"rendered":"Waldo Eugenio Encina &#8220;Chino&#8221; (Q.E.P.D.)"},"content":{"rendered":"<p>Falleci\u00f3 en Olavarr\u00eda el d\u00eda\u00a0 23 de Noviembre de 2020 a los 71 a\u00f1os de edad. Su esposa Elsa Nora Romero, sus hijos \u00c1ngela y Jos\u00e9 Encina, sus nietos, sus hermanos y dem\u00e1s deudos participan su fallecimiento.<\/p>\n<p>&nbsp;<\/p>\n<p>No se realiza velatorio ni responso. Sus restos ser\u00e1n cremados este mi\u00e9rcoles desde las 8.30 en el crematorio de Pinos de Paz, servicio adherido a Coopelectric. Nacido en Corrientes, ex vecino de Sierra Chica, vecino del microcentro, jubilado del Servicio Penitenciario.<\/p>\n<p>&nbsp;<\/p>\n","protected":false},"excerpt":{"rendered":"<p>Falleci\u00f3 en Olavarr\u00eda el d\u00eda\u00a0 23 de Noviembre de 2020 a los 71 a\u00f1os de edad. Su esposa Elsa Nora<\/p>\n","protected":false},"author":3,"featured_media":0,"comment_status":"closed","ping_status":"closed","sticky":false,"template":"","format":"standard","meta":{"_jetpack_memberships_contains_paid_content":false,"footnotes":""},"categories":[10],"tags":[],"class_list":["post-7303","post","type-post","status-publish","format-standard","hentry","category-necrologicas"],"jetpack_featured_media_url":"","jetpack_sharing_enabled":true,"_links":{"self":[{"href":"https:\/\/cdnoticias.com\/index.php\/wp-json\/wp\/v2\/posts\/7303","targetHints":{"allow":["GET"]}}],"collection":[{"href":"https:\/\/cdnoticias.com\/index.php\/wp-json\/wp\/v2\/posts"}],"about":[{"href":"https:\/\/cdnoticias.com\/index.php\/wp-json\/wp\/v2\/types\/post"}],"author":[{"embeddable":true,"href":"https:\/\/cdnoticias.com\/index.php\/wp-json\/wp\/v2\/users\/3"}],"replies":[{"embeddable":true,"href":"https:\/\/cdnoticias.com\/index.php\/wp-json\/wp\/v2\/comments?post=7303"}],"version-history":[{"count":0,"href":"https:\/\/cdnoticias.com\/index.php\/wp-json\/wp\/v2\/posts\/7303\/revisions"}],"wp:attachment":[{"href":"https:\/\/cdnoticias.com\/index.php\/wp-json\/wp\/v2\/media?parent=7303"}],"wp:term":[{"taxonomy":"category","embeddable":true,"href":"https:\/\/cdnoticias.com\/index.php\/wp-json\/wp\/v2\/categories?post=7303"},{"taxonomy":"post_tag","embeddable":true,"href":"https:\/\/cdnoticias.com\/index.php\/wp-json\/wp\/v2\/tags?post=7303"}],"curies":[{"name":"wp","href":"https:\/\/api.w.org\/{rel}","templated":true}]}}