{"id":73029,"date":"2022-12-19T18:30:13","date_gmt":"2022-12-19T21:30:13","guid":{"rendered":"https:\/\/www.centraldenoticias.com.ar\/?p=73029"},"modified":"2022-12-19T19:14:28","modified_gmt":"2022-12-19T22:14:28","slug":"la-seleccion-celebrara-el-titulo-en-el-obelisco","status":"publish","type":"post","link":"https:\/\/cdnoticias.com\/index.php\/2022\/12\/19\/la-seleccion-celebrara-el-titulo-en-el-obelisco\/","title":{"rendered":"La Selecci\u00f3n celebrar\u00e1 el t\u00edtulo en el Obelisco"},"content":{"rendered":"<p>Se comunic\u00f3 que partir\u00e1n desde Ezeiza el martes al mediod\u00eda.<!--more--><\/p>\n<hr \/>\n<p>La<strong> Selecci\u00f3n nacional de f\u00fatbol<\/strong> inform\u00f3 que<strong> celebrar\u00e1 el titulo del Mundial de Qatar 2022<\/strong> en el<strong> Obelisco de la ciudad de Buenos Aires<\/strong> este martes.<\/p>\n<p>&nbsp;<\/p>\n<p>En su cuenta oficial, la Selecci\u00f3n argentina confirm\u00f3 que \u201c<strong>e<\/strong><em><strong>l plantel campe\u00f3n del mundo partir\u00e1 el martes al mediod\u00eda hacia el Obelisco para festejar el t\u00edtulo mundial con los hinchas\u201d. \u201c\u00a1S\u00ed, somos campeones del mundo!\u201d,<\/strong><\/em> cierra el mensaje.<\/p>\n<p>&nbsp;<\/p>\n<p>&nbsp;<\/p>\n<blockquote class=\"twitter-tweet\">\n<p dir=\"ltr\" lang=\"es\">El plantel CAMPE\u00d3N DEL MUNDO \ud83c\udfc6 partir\u00e1 el martes al mediod\u00eda hacia el obelisco para festejar el t\u00edtulo mundial con los hinchas.<\/p>\n<p>\u00a1S\u00ed, somos CAMPEONES DEL MUNDO! \u2b50\u2b50\u2b50 <a href=\"https:\/\/t.co\/YIjyyYJS4w\">pic.twitter.com\/YIjyyYJS4w<\/a><\/p>\n<p>\u2014 \ud83c\udde6\ud83c\uddf7 Selecci\u00f3n Argentina \u2b50\u2b50\u2b50 (@Argentina) <a href=\"https:\/\/twitter.com\/Argentina\/status\/1604849728675536899?ref_src=twsrc%5Etfw\">December 19, 2022<\/a><\/p><\/blockquote>\n<p><script async src=\"https:\/\/platform.twitter.com\/widgets.js\" charset=\"utf-8\"><\/script><\/p>\n<p>&nbsp;<\/p>\n<p>Est\u00e1 previsto que el equipo nacional arribe este lunes al pa\u00eds y el equipo pasar\u00eda la noche en el predio de Ezeiza de la Asociaci\u00f3n del F\u00fatbol Argentino (AFA). Desde all\u00ed partir\u00e1n el martes al mediod\u00eda hacia el <strong>Obelisco, ubicado en la emblem\u00e1tica avenida 9 de Julio.<\/strong><\/p>\n<p>&nbsp;<\/p>\n<p>El <strong>recorrido que est\u00e1 estipulado<\/strong> es: Ezeiza \u2013 Avenida Ricchieri \u2013 Dellepiane \u2013 Avenida 25 de Mayo \u2013 Avenida 9 de Julio \u2013 Libertador \u2013 Figueroa Alcorta \u2013 Libertador- General Paz \u2013 Ricchieri \u2013 Ezeiza.<\/p>\n<p>&nbsp;<\/p>\n<p>El<strong> operativo de seguridad estar\u00e1 coordinado por la Polic\u00eda Federal y la Polic\u00eda de la Ciudad de Buenos Aires<\/strong>. Ambas fuerzas trabajan en conjunto desde este lunes para poder armar el esquema que les permitir\u00e1 <strong>proteger al colectivo que trasladar\u00e1 a los jugadores.\u00a0<\/strong><\/p>\n<p>&nbsp;<\/p>\n<p>Finalmente, en principio, el <strong>combinado nacional no confirm\u00f3 presencia ni a la Casa Rosada<\/strong> (como s\u00ed sucedi\u00f3 tras el Mundial de M\u00e9xico de 1986) <strong>ni a la Plaza de Mayo.<\/strong><\/p>\n<p>&nbsp;<\/p>\n<p><em>Fuente: DIB<\/em><\/p>\n","protected":false},"excerpt":{"rendered":"<p>Se comunic\u00f3 que partir\u00e1n desde Ezeiza el martes al mediod\u00eda.<\/p>\n","protected":false},"author":6,"featured_media":73030,"comment_status":"closed","ping_status":"closed","sticky":false,"template":"","format":"standard","meta":{"_jetpack_memberships_contains_paid_content":false,"footnotes":""},"categories":[6,1],"tags":[],"class_list":["post-73029","post","type-post","status-publish","format-standard","has-post-thumbnail","hentry","category-nacionales","category-portada"],"jetpack_featured_media_url":"https:\/\/i0.wp.com\/cdnoticias.com\/wp-content\/uploads\/2022\/12\/FkWSTVpXgAAuO1E-696x464-1.jpg?fit=696%2C464&ssl=1","jetpack_sharing_enabled":true,"_links":{"self":[{"href":"https:\/\/cdnoticias.com\/index.php\/wp-json\/wp\/v2\/posts\/73029","targetHints":{"allow":["GET"]}}],"collection":[{"href":"https:\/\/cdnoticias.com\/index.php\/wp-json\/wp\/v2\/posts"}],"about":[{"href":"https:\/\/cdnoticias.com\/index.php\/wp-json\/wp\/v2\/types\/post"}],"author":[{"embeddable":true,"href":"https:\/\/cdnoticias.com\/index.php\/wp-json\/wp\/v2\/users\/6"}],"replies":[{"embeddable":true,"href":"https:\/\/cdnoticias.com\/index.php\/wp-json\/wp\/v2\/comments?post=73029"}],"version-history":[{"count":0,"href":"https:\/\/cdnoticias.com\/index.php\/wp-json\/wp\/v2\/posts\/73029\/revisions"}],"wp:featuredmedia":[{"embeddable":true,"href":"https:\/\/cdnoticias.com\/index.php\/wp-json\/wp\/v2\/media\/73030"}],"wp:attachment":[{"href":"https:\/\/cdnoticias.com\/index.php\/wp-json\/wp\/v2\/media?parent=73029"}],"wp:term":[{"taxonomy":"category","embeddable":true,"href":"https:\/\/cdnoticias.com\/index.php\/wp-json\/wp\/v2\/categories?post=73029"},{"taxonomy":"post_tag","embeddable":true,"href":"https:\/\/cdnoticias.com\/index.php\/wp-json\/wp\/v2\/tags?post=73029"}],"curies":[{"name":"wp","href":"https:\/\/api.w.org\/{rel}","templated":true}]}}