{"id":73012,"date":"2022-12-19T18:57:02","date_gmt":"2022-12-19T21:57:02","guid":{"rendered":"https:\/\/www.centraldenoticias.com.ar\/?p=73012"},"modified":"2022-12-19T18:57:02","modified_gmt":"2022-12-19T21:57:02","slug":"instituto-republica-finaliza-el-ciclo-de-charlas-anuales-de-la-sede-regional-olavarria","status":"publish","type":"post","link":"https:\/\/cdnoticias.com\/index.php\/2022\/12\/19\/instituto-republica-finaliza-el-ciclo-de-charlas-anuales-de-la-sede-regional-olavarria\/","title":{"rendered":"Instituto Rep\u00fablica: finaliza el ciclo de charlas anuales de la sede regional Olavarr\u00eda"},"content":{"rendered":"<p>Ser\u00e1 este martes 20 de diciembre a partir de las 19:00. Asistir\u00e1 el intendente Ezequiel Galli junto a referentes de la S\u00e9ptima. <!--more--><\/p>\n<hr \/>\n<p>Este <strong>martes 20 de diciembre, <\/strong>tendr\u00e1 lugar la <strong>octava charla del a\u00f1o cerrando el ciclo de disertaciones<\/strong> que llev\u00f3 adelante la sede regional local del <strong>Instituto Rep\u00fablica<\/strong> desde su inauguraci\u00f3n el pasado 8 de septiembre.<\/p>\n<p>&nbsp;<\/p>\n<p>En esta ocasi\u00f3n, la charla estar\u00e1 a cargo del<strong> subsecretario de Obras y Servicios P\u00fablicos del Municipio, Gonzalo Ortiz Machain. <\/strong>La propuesta ser\u00e1 de car\u00e1cter abierto y se invita a toda la comunidad a participar.<\/p>\n<p>&nbsp;<\/p>\n<p><img data-recalc-dims=\"1\" loading=\"lazy\" decoding=\"async\" class=\"aligncenter wp-image-73013 size-full\" src=\"https:\/\/i0.wp.com\/cdnoticias.com\/wp-content\/uploads\/2022\/12\/WhatsApp-Image-2022-12-19-at-10.52.45-AM.jpeg?resize=800%2C800&#038;ssl=1\" alt=\"\" width=\"800\" height=\"800\" srcset=\"https:\/\/i0.wp.com\/cdnoticias.com\/wp-content\/uploads\/2022\/12\/WhatsApp-Image-2022-12-19-at-10.52.45-AM.jpeg?w=1080&amp;ssl=1 1080w, https:\/\/i0.wp.com\/cdnoticias.com\/wp-content\/uploads\/2022\/12\/WhatsApp-Image-2022-12-19-at-10.52.45-AM.jpeg?resize=300%2C300&amp;ssl=1 300w, https:\/\/i0.wp.com\/cdnoticias.com\/wp-content\/uploads\/2022\/12\/WhatsApp-Image-2022-12-19-at-10.52.45-AM.jpeg?resize=1024%2C1024&amp;ssl=1 1024w, https:\/\/i0.wp.com\/cdnoticias.com\/wp-content\/uploads\/2022\/12\/WhatsApp-Image-2022-12-19-at-10.52.45-AM.jpeg?resize=150%2C150&amp;ssl=1 150w, https:\/\/i0.wp.com\/cdnoticias.com\/wp-content\/uploads\/2022\/12\/WhatsApp-Image-2022-12-19-at-10.52.45-AM.jpeg?resize=768%2C768&amp;ssl=1 768w\" sizes=\"auto, (max-width: 800px) 100vw, 800px\" \/><\/p>\n<p>&nbsp;<\/p>\n<p>La tem\u00e1tica que se abordar\u00e1 ser\u00e1 \u201c<em><strong>Planificaci\u00f3n de proyectos en el Gobierno Municipal\u201d.<\/strong><\/em> La jornada tendr\u00e1 lugar a las <strong>19:00 en la sede regional Olavarr\u00eda,<\/strong> ubicada en <strong>Vicente L\u00f3pez 3246.<\/strong><\/p>\n<p>&nbsp;<\/p>\n<p>La charla contar\u00e1 con la<strong> presencia del intendente Ezequiel Galli,<\/strong> el director regional del Instituto Rep\u00fablica <strong>Mart\u00edn Endere<\/strong>, funcionarios, concejales y referentes de toda la S\u00e9ptima Secci\u00f3n Electoral.<\/p>\n<p>&nbsp;<\/p>\n<p>&nbsp;<\/p>\n","protected":false},"excerpt":{"rendered":"<p>Ser\u00e1 este martes 20 de diciembre a partir de las 19:00. Asistir\u00e1 el intendente Ezequiel Galli junto a referentes de<\/p>\n","protected":false},"author":6,"featured_media":65346,"comment_status":"closed","ping_status":"closed","sticky":false,"template":"","format":"standard","meta":{"_jetpack_memberships_contains_paid_content":false,"footnotes":""},"categories":[4,1],"tags":[],"class_list":["post-73012","post","type-post","status-publish","format-standard","has-post-thumbnail","hentry","category-politica","category-portada"],"jetpack_featured_media_url":"https:\/\/i0.wp.com\/cdnoticias.com\/wp-content\/uploads\/2022\/09\/instituto-republica-00.jpg?fit=800%2C445&ssl=1","jetpack_sharing_enabled":true,"_links":{"self":[{"href":"https:\/\/cdnoticias.com\/index.php\/wp-json\/wp\/v2\/posts\/73012","targetHints":{"allow":["GET"]}}],"collection":[{"href":"https:\/\/cdnoticias.com\/index.php\/wp-json\/wp\/v2\/posts"}],"about":[{"href":"https:\/\/cdnoticias.com\/index.php\/wp-json\/wp\/v2\/types\/post"}],"author":[{"embeddable":true,"href":"https:\/\/cdnoticias.com\/index.php\/wp-json\/wp\/v2\/users\/6"}],"replies":[{"embeddable":true,"href":"https:\/\/cdnoticias.com\/index.php\/wp-json\/wp\/v2\/comments?post=73012"}],"version-history":[{"count":0,"href":"https:\/\/cdnoticias.com\/index.php\/wp-json\/wp\/v2\/posts\/73012\/revisions"}],"wp:featuredmedia":[{"embeddable":true,"href":"https:\/\/cdnoticias.com\/index.php\/wp-json\/wp\/v2\/media\/65346"}],"wp:attachment":[{"href":"https:\/\/cdnoticias.com\/index.php\/wp-json\/wp\/v2\/media?parent=73012"}],"wp:term":[{"taxonomy":"category","embeddable":true,"href":"https:\/\/cdnoticias.com\/index.php\/wp-json\/wp\/v2\/categories?post=73012"},{"taxonomy":"post_tag","embeddable":true,"href":"https:\/\/cdnoticias.com\/index.php\/wp-json\/wp\/v2\/tags?post=73012"}],"curies":[{"name":"wp","href":"https:\/\/api.w.org\/{rel}","templated":true}]}}