{"id":73010,"date":"2022-12-19T19:55:18","date_gmt":"2022-12-19T22:55:18","guid":{"rendered":"https:\/\/www.centraldenoticias.com.ar\/?p=73010"},"modified":"2022-12-19T19:55:18","modified_gmt":"2022-12-19T22:55:18","slug":"casi-un-centenar-de-profesionales-que-egresan-de-la-facultad-de-ingenieria-recibiran-su-titulo","status":"publish","type":"post","link":"https:\/\/cdnoticias.com\/index.php\/2022\/12\/19\/casi-un-centenar-de-profesionales-que-egresan-de-la-facultad-de-ingenieria-recibiran-su-titulo\/","title":{"rendered":"Casi un centenar de profesionales que egresan de la Facultad de Ingenier\u00eda recibir\u00e1n su t\u00edtulo"},"content":{"rendered":"<p>Ser\u00e1 este martes 20 de diciembre en el complejo universitario de avenida Del Valle 5737.<!--more--><\/p>\n<hr \/>\n<p>Este <strong>martes 20 de diciembre<\/strong> se realizar\u00e1 el<strong> 159\u00ba Acto de Colaci\u00f3n de Grados de la UNICEN<\/strong> durante el cual se e<strong>ntregar\u00e1n diplomas a graduados y graduadas de la Facultad de Ingenier\u00eda.\u00a0<\/strong><\/p>\n<p>&nbsp;<\/p>\n<p>Se llevar\u00e1 a cabo <strong>a partir de las 18:00<\/strong> en el Sal\u00f3n de Usos M\u00faltiples del edificio de Aulas Comunes ubicado en el complejo universitario de <strong>avenida Del Valle 5737.<\/strong><\/p>\n<p>&nbsp;<\/p>\n<p>El <strong>listado de profesionales de la FIO<\/strong> que concluyen su formaci\u00f3n acad\u00e9mica es el siguiente:<\/p>\n<p>&nbsp;<\/p>\n<p><strong>Ingenier\u00eda Civil: <\/strong>Acosta, Nicol\u00e1s Nahuel; Barquero, Manuel; Cannata, Sebasti\u00e1n Jos\u00e9; Dicharri, Dario Daniel; L\u00f3pez, Adriana Ethel; Mendoza, Facundo Tom\u00e1s; Montovi, Franco; Rodr\u00edguez Bugosen, Melina; Schmidt, Fernando Esteban; Tolosa, Maximiliano Jos\u00e9.<\/p>\n<p>&nbsp;<\/p>\n<p><strong>Ingenier\u00eda Electromec\u00e1nica<\/strong>: Varela, Francisco Enrique.<\/p>\n<p>&nbsp;<\/p>\n<p><strong>Ingenier\u00eda Industrial:<\/strong> Cerbero Pedala, Tom\u00e1s \u00c1ngel; Correger, Mariana Soledad; Figueroa Durruty, Mar\u00eda Eugenia; Masson, Agust\u00edn; Vazquez, Mar\u00eda Bel\u00e9n;<\/p>\n<p>&nbsp;<\/p>\n<p><strong>Ingenier\u00eda Qu\u00edmica<\/strong>: Pompei, Mar\u00eda Cielo; Vales, Mar\u00eda Eugenia<\/p>\n<p>&nbsp;<\/p>\n<p><strong>Profesorado de Qu\u00edmica:<\/strong> Murabito, Mar\u00eda Valeria<\/p>\n<p>&nbsp;<\/p>\n<p><strong>Tecnicatura Universitaria en Electromedicina:<\/strong> Andersen Spikerman, Cristian Adrian; Marino, Silvia Bettina; Silvestro, C\u00e9sar Mat\u00edas.<\/p>\n<p>&nbsp;<\/p>\n<p><strong>Tecnicatura Universitaria en Tecnolog\u00eda de los Alimentos:<\/strong> Lucido Balestriere, Eliana Gisele; Mussi, Manuela.<\/p>\n<p>&nbsp;<\/p>\n<p><strong>Ingenier\u00eda en Seguridad e Higiene en el Trabajo:<\/strong> Amaral Manso, Mar\u00eda Laura; Andr\u00e9 Ocampo, Alejandro Nicol\u00e1s; Araya, Pablo Javier; Ayerza, Claribel Sylvina; Baldini Duarte, Mar\u00eda Daniela; Barreto Gonz\u00e1lez, Roc\u00edo Cintia; Binet, Mar\u00eda Virginia; Chotro, Liliana Pilar; Cirello, Silvia Beatriz; Fuente, Esteban Ariel; K\u00fchn, Natalia Beatri; Ledesma Frank, Keila; Lineras, Mar\u00eda Eugenia; Marino, Diego; Meyer, Nicol\u00e1s Edgardo; Monge, Sof\u00eda; Motta, Antonio Mart\u00edn; Ohse, Juli\u00e1n David; Quintanilla, Gilda Anah\u00ed; Pav\u00e1n, Sof\u00eda; Ranero, Jorge Luis; Ricci, Juan Jos\u00e9; Rodr\u00edguez, Jos\u00e9 Mart\u00edn; Roman Cassano, Rodrigo; Ruiz, Mar\u00eda Guadalupe; Soria, Germ\u00e1n; Tejeda, Marcos Federico; Uribe, Carlos Daniel.<\/p>\n<p>&nbsp;<\/p>\n<p><strong>Doctorado en Ingenier\u00eda, menci\u00f3n Tecnolog\u00eda de la Construcci\u00f3n<\/strong>: C\u00f3rdoba, Gisela Paola; Di Salvo Barsi, Antonela; Zito, Silvina Vanesa.<\/p>\n","protected":false},"excerpt":{"rendered":"<p>Ser\u00e1 este martes 20 de diciembre en el complejo universitario de avenida Del Valle 5737.<\/p>\n","protected":false},"author":6,"featured_media":72569,"comment_status":"closed","ping_status":"closed","sticky":false,"template":"","format":"standard","meta":{"_jetpack_memberships_contains_paid_content":false,"footnotes":""},"categories":[5,1],"tags":[],"class_list":["post-73010","post","type-post","status-publish","format-standard","has-post-thumbnail","hentry","category-informacion-general","category-portada"],"jetpack_featured_media_url":"https:\/\/i0.wp.com\/cdnoticias.com\/wp-content\/uploads\/2022\/12\/Colacion-de-grado.jpg?fit=800%2C533&ssl=1","jetpack_sharing_enabled":true,"_links":{"self":[{"href":"https:\/\/cdnoticias.com\/index.php\/wp-json\/wp\/v2\/posts\/73010","targetHints":{"allow":["GET"]}}],"collection":[{"href":"https:\/\/cdnoticias.com\/index.php\/wp-json\/wp\/v2\/posts"}],"about":[{"href":"https:\/\/cdnoticias.com\/index.php\/wp-json\/wp\/v2\/types\/post"}],"author":[{"embeddable":true,"href":"https:\/\/cdnoticias.com\/index.php\/wp-json\/wp\/v2\/users\/6"}],"replies":[{"embeddable":true,"href":"https:\/\/cdnoticias.com\/index.php\/wp-json\/wp\/v2\/comments?post=73010"}],"version-history":[{"count":0,"href":"https:\/\/cdnoticias.com\/index.php\/wp-json\/wp\/v2\/posts\/73010\/revisions"}],"wp:featuredmedia":[{"embeddable":true,"href":"https:\/\/cdnoticias.com\/index.php\/wp-json\/wp\/v2\/media\/72569"}],"wp:attachment":[{"href":"https:\/\/cdnoticias.com\/index.php\/wp-json\/wp\/v2\/media?parent=73010"}],"wp:term":[{"taxonomy":"category","embeddable":true,"href":"https:\/\/cdnoticias.com\/index.php\/wp-json\/wp\/v2\/categories?post=73010"},{"taxonomy":"post_tag","embeddable":true,"href":"https:\/\/cdnoticias.com\/index.php\/wp-json\/wp\/v2\/tags?post=73010"}],"curies":[{"name":"wp","href":"https:\/\/api.w.org\/{rel}","templated":true}]}}