{"id":72986,"date":"2022-12-21T18:31:09","date_gmt":"2022-12-21T21:31:09","guid":{"rendered":"https:\/\/www.centraldenoticias.com.ar\/?p=72986"},"modified":"2022-12-21T18:31:09","modified_gmt":"2022-12-21T21:31:09","slug":"casi-50-millones-para-reformar-la-escuela-58","status":"publish","type":"post","link":"https:\/\/cdnoticias.com\/index.php\/2022\/12\/21\/casi-50-millones-para-reformar-la-escuela-58\/","title":{"rendered":"Casi 50 millones para reformar la Escuela 58"},"content":{"rendered":"<p>Es la licitaci\u00f3n que lanz\u00f3 la Municipalidad. En la primera etapa se construir\u00e1n cuatro aulas y una biblioteca, adem\u00e1s de impermeabilizar el techo.<!--more--><\/p>\n<hr \/>\n<p><strong>La Municipalidad convoc\u00f3 a la Licitaci\u00f3n P\u00fablica N\u00ba 62 de 2022 para \u201cReformas y Ampliaci\u00f3n en Escuela N\u00ba 58\u201d de Olavarr\u00eda, de Moya y Sargento Cabral<\/strong>. Los trabajos se realizar\u00e1n en tres etapas, y la primera incluir\u00e1 la construcci\u00f3n de cuatro aulas.<\/p>\n<p>&nbsp;<\/p>\n<p>El <strong>presupuesto oficial para la obra se fij\u00f3 en $49.857.445,70<\/strong> y los sobres con las ofertas se abrir\u00e1n el 10 de enero.<\/p>\n<p>&nbsp;<\/p>\n<p>La decisi\u00f3n de llevar adelante la obra se enmarc\u00f3 en el <strong>\u201ccompromiso de acompa\u00f1amiento y fortalecimiento de la educaci\u00f3n p\u00fablica\u201d<\/strong><\/p>\n<p>&nbsp;<\/p>\n<p>Se destac\u00f3 que se llevar\u00e1n adelante \u201cimportantes obras\u201d en la Escuela N\u00b0 58 \u201cArsenio Cavilla Sinclair\u201d.<\/p>\n<p>&nbsp;<\/p>\n<p>Se construir\u00e1n <em>aulas, una biblioteca, refacci\u00f3n de ba\u00f1os, espacio de direcci\u00f3n, secretar\u00eda, equipo orientador y auxiliar; ampliaci\u00f3n de comedor y cocina con dep\u00f3sito<\/em>.<\/p>\n<p>&nbsp;<\/p>\n<blockquote><p>Desde la Secretar\u00eda de Mantenimiento y Obras P\u00fablicas municipal se explic\u00f3 que \u201cla obra se concretar\u00e1 en tres etapas. La primera constar\u00e1 de la construcci\u00f3n de cuatro aulas y biblioteca, junto con la Impermeabilizaci\u00f3n de las losas existentes. La segunda se traducir\u00e1 en la ampliaci\u00f3n del comedor y cocina, la divisi\u00f3n de direcci\u00f3n, secretaria, gabinete y espacio para auxiliar. En la tercera y \u00faltima etapa se llevar\u00e1 a cabo la refacci\u00f3n de ba\u00f1os y el nuevo ba\u00f1o para personas con movilidad reducida\u201d.<\/p><\/blockquote>\n<p>&nbsp;<\/p>\n","protected":false},"excerpt":{"rendered":"<p>Es la licitaci\u00f3n que lanz\u00f3 la Municipalidad. En la primera etapa se construir\u00e1n cuatro aulas y una biblioteca, adem\u00e1s de<\/p>\n","protected":false},"author":4,"featured_media":72987,"comment_status":"closed","ping_status":"closed","sticky":false,"template":"","format":"standard","meta":{"_jetpack_memberships_contains_paid_content":false,"footnotes":""},"categories":[5,1],"tags":[],"class_list":["post-72986","post","type-post","status-publish","format-standard","has-post-thumbnail","hentry","category-informacion-general","category-portada"],"jetpack_featured_media_url":"https:\/\/i0.wp.com\/cdnoticias.com\/wp-content\/uploads\/2022\/12\/escuela-58.jpg?fit=800%2C445&ssl=1","jetpack_sharing_enabled":true,"_links":{"self":[{"href":"https:\/\/cdnoticias.com\/index.php\/wp-json\/wp\/v2\/posts\/72986","targetHints":{"allow":["GET"]}}],"collection":[{"href":"https:\/\/cdnoticias.com\/index.php\/wp-json\/wp\/v2\/posts"}],"about":[{"href":"https:\/\/cdnoticias.com\/index.php\/wp-json\/wp\/v2\/types\/post"}],"author":[{"embeddable":true,"href":"https:\/\/cdnoticias.com\/index.php\/wp-json\/wp\/v2\/users\/4"}],"replies":[{"embeddable":true,"href":"https:\/\/cdnoticias.com\/index.php\/wp-json\/wp\/v2\/comments?post=72986"}],"version-history":[{"count":0,"href":"https:\/\/cdnoticias.com\/index.php\/wp-json\/wp\/v2\/posts\/72986\/revisions"}],"wp:featuredmedia":[{"embeddable":true,"href":"https:\/\/cdnoticias.com\/index.php\/wp-json\/wp\/v2\/media\/72987"}],"wp:attachment":[{"href":"https:\/\/cdnoticias.com\/index.php\/wp-json\/wp\/v2\/media?parent=72986"}],"wp:term":[{"taxonomy":"category","embeddable":true,"href":"https:\/\/cdnoticias.com\/index.php\/wp-json\/wp\/v2\/categories?post=72986"},{"taxonomy":"post_tag","embeddable":true,"href":"https:\/\/cdnoticias.com\/index.php\/wp-json\/wp\/v2\/tags?post=72986"}],"curies":[{"name":"wp","href":"https:\/\/api.w.org\/{rel}","templated":true}]}}