{"id":72919,"date":"2022-12-19T09:48:14","date_gmt":"2022-12-19T12:48:14","guid":{"rendered":"https:\/\/www.centraldenoticias.com.ar\/?p=72919"},"modified":"2022-12-19T10:07:00","modified_gmt":"2022-12-19T13:07:00","slug":"mas-de-los-festejos-de-argentina-campeon-del-mundo","status":"publish","type":"post","link":"https:\/\/cdnoticias.com\/index.php\/2022\/12\/19\/mas-de-los-festejos-de-argentina-campeon-del-mundo\/","title":{"rendered":"M\u00e1s de los festejos de \u00a1Argentina, campe\u00f3n del mundo!"},"content":{"rendered":"<p>Las mejores im\u00e1genes de Central de Deportes: el registro de los miles de olavarrienses que salieron a la calle a compartir la alegr\u00eda y un momento hist\u00f3rico.<\/p>\n<p><!--more--><\/p>\n<hr \/>\n<p>Largas horas de festejos, familias enteras y largas filas de autos se sumaron a los festejos que tuvieron como epicentro el Paseo Jes\u00fas Mend\u00eda, pero se replicaron en diferentes esquinas del centro de Olavarr\u00eda.<\/p>\n<p>&nbsp;<\/p>\n<p>Todas <a href=\"https:\/\/centraldeportes.com.ar\/otra-pagina-gloriosa-argentina-campeon-del-mundo\/\" target=\"_blank\" rel=\"noopener\">las im\u00e1genes de Central de Deportes<\/a>.<\/p>\n<p>&nbsp;<\/p>\n<p>[soliloquy id=&#8221;72920&#8243;]<\/p>\n<p>&nbsp;<\/p>\n","protected":false},"excerpt":{"rendered":"<p>Las mejores im\u00e1genes de Central de Deportes: el registro de los miles de olavarrienses que salieron a la calle a<\/p>\n","protected":false},"author":4,"featured_media":72922,"comment_status":"closed","ping_status":"closed","sticky":false,"template":"","format":"standard","meta":{"_jetpack_memberships_contains_paid_content":false,"footnotes":""},"categories":[5,1],"tags":[],"class_list":["post-72919","post","type-post","status-publish","format-standard","has-post-thumbnail","hentry","category-informacion-general","category-portada"],"jetpack_featured_media_url":"https:\/\/i0.wp.com\/cdnoticias.com\/wp-content\/uploads\/2022\/12\/mundial-festejos-01.jpg?fit=800%2C445&ssl=1","jetpack_sharing_enabled":true,"_links":{"self":[{"href":"https:\/\/cdnoticias.com\/index.php\/wp-json\/wp\/v2\/posts\/72919","targetHints":{"allow":["GET"]}}],"collection":[{"href":"https:\/\/cdnoticias.com\/index.php\/wp-json\/wp\/v2\/posts"}],"about":[{"href":"https:\/\/cdnoticias.com\/index.php\/wp-json\/wp\/v2\/types\/post"}],"author":[{"embeddable":true,"href":"https:\/\/cdnoticias.com\/index.php\/wp-json\/wp\/v2\/users\/4"}],"replies":[{"embeddable":true,"href":"https:\/\/cdnoticias.com\/index.php\/wp-json\/wp\/v2\/comments?post=72919"}],"version-history":[{"count":0,"href":"https:\/\/cdnoticias.com\/index.php\/wp-json\/wp\/v2\/posts\/72919\/revisions"}],"wp:featuredmedia":[{"embeddable":true,"href":"https:\/\/cdnoticias.com\/index.php\/wp-json\/wp\/v2\/media\/72922"}],"wp:attachment":[{"href":"https:\/\/cdnoticias.com\/index.php\/wp-json\/wp\/v2\/media?parent=72919"}],"wp:term":[{"taxonomy":"category","embeddable":true,"href":"https:\/\/cdnoticias.com\/index.php\/wp-json\/wp\/v2\/categories?post=72919"},{"taxonomy":"post_tag","embeddable":true,"href":"https:\/\/cdnoticias.com\/index.php\/wp-json\/wp\/v2\/tags?post=72919"}],"curies":[{"name":"wp","href":"https:\/\/api.w.org\/{rel}","templated":true}]}}