{"id":72903,"date":"2022-12-18T19:42:25","date_gmt":"2022-12-18T22:42:25","guid":{"rendered":"https:\/\/www.centraldenoticias.com.ar\/?p=72903"},"modified":"2022-12-18T19:42:25","modified_gmt":"2022-12-18T22:42:25","slug":"maria-luisa-miranda-viuda-de-milani-q-e-p-d","status":"publish","type":"post","link":"https:\/\/cdnoticias.com\/index.php\/2022\/12\/18\/maria-luisa-miranda-viuda-de-milani-q-e-p-d\/","title":{"rendered":"Mar\u00eda Luisa Miranda viuda de Milani (Q.E.P.D.)"},"content":{"rendered":"<p>&nbsp;<\/p>\n<p>Falleci\u00f3 en Olavarr\u00eda el d\u00eda 18 de diciembre de 2022 a los 94 a\u00f1os de edad.<\/p>\n<p>&nbsp;<\/p>\n<p>Sus hijos: Ra\u00fal y Jorge; sus hijas pol\u00edticas: Lilian e Iris; sus nietos; sus bisnietos y dem\u00e1s deudos participan su fallecimiento.<\/p>\n<p>&nbsp;<\/p>\n<p>Sin velatorio. Inhumaci\u00f3n: Crematorio Pinos de Paz, en d\u00eda a confirmar. Servicio adherido a Coopelectric.<\/p>\n<p>&nbsp;<\/p>\n<p>Barrio en el que viv\u00eda: CECO 2<\/p>\n<p>&nbsp;<\/p>\n<p>Lugar de nacimiento: CABA<\/p>\n<p>&nbsp;<\/p>\n<p>Actividad que desarrollaba: Jubilada y Pensionada<\/p>\n<p>&nbsp;<\/p>\n","protected":false},"excerpt":{"rendered":"<p>&nbsp; Falleci\u00f3 en Olavarr\u00eda el d\u00eda 18 de diciembre de 2022 a los 94 a\u00f1os de edad. &nbsp; Sus hijos:<\/p>\n","protected":false},"author":4,"featured_media":51544,"comment_status":"closed","ping_status":"closed","sticky":false,"template":"","format":"standard","meta":{"_jetpack_memberships_contains_paid_content":false,"footnotes":""},"categories":[10],"tags":[],"class_list":["post-72903","post","type-post","status-publish","format-standard","has-post-thumbnail","hentry","category-necrologicas"],"jetpack_featured_media_url":"https:\/\/i0.wp.com\/cdnoticias.com\/wp-content\/uploads\/2022\/04\/necrologicas-390-x-240.jpg?fit=390%2C240&ssl=1","jetpack_sharing_enabled":true,"_links":{"self":[{"href":"https:\/\/cdnoticias.com\/index.php\/wp-json\/wp\/v2\/posts\/72903","targetHints":{"allow":["GET"]}}],"collection":[{"href":"https:\/\/cdnoticias.com\/index.php\/wp-json\/wp\/v2\/posts"}],"about":[{"href":"https:\/\/cdnoticias.com\/index.php\/wp-json\/wp\/v2\/types\/post"}],"author":[{"embeddable":true,"href":"https:\/\/cdnoticias.com\/index.php\/wp-json\/wp\/v2\/users\/4"}],"replies":[{"embeddable":true,"href":"https:\/\/cdnoticias.com\/index.php\/wp-json\/wp\/v2\/comments?post=72903"}],"version-history":[{"count":0,"href":"https:\/\/cdnoticias.com\/index.php\/wp-json\/wp\/v2\/posts\/72903\/revisions"}],"wp:featuredmedia":[{"embeddable":true,"href":"https:\/\/cdnoticias.com\/index.php\/wp-json\/wp\/v2\/media\/51544"}],"wp:attachment":[{"href":"https:\/\/cdnoticias.com\/index.php\/wp-json\/wp\/v2\/media?parent=72903"}],"wp:term":[{"taxonomy":"category","embeddable":true,"href":"https:\/\/cdnoticias.com\/index.php\/wp-json\/wp\/v2\/categories?post=72903"},{"taxonomy":"post_tag","embeddable":true,"href":"https:\/\/cdnoticias.com\/index.php\/wp-json\/wp\/v2\/tags?post=72903"}],"curies":[{"name":"wp","href":"https:\/\/api.w.org\/{rel}","templated":true}]}}