{"id":7287,"date":"2020-11-24T13:43:07","date_gmt":"2020-11-24T16:43:07","guid":{"rendered":"http:\/\/www.centraldenoticias.com.ar\/?p=7287"},"modified":"2020-11-24T13:43:07","modified_gmt":"2020-11-24T16:43:07","slug":"kicillof-con-la-construccion-vamos-a-sacar-adelante-un-pais-muy-golpeado","status":"publish","type":"post","link":"https:\/\/cdnoticias.com\/index.php\/2020\/11\/24\/kicillof-con-la-construccion-vamos-a-sacar-adelante-un-pais-muy-golpeado\/","title":{"rendered":"Kicillof: \u201cCon la construcci\u00f3n vamos a sacar adelante un pa\u00eds muy golpeado\u201d"},"content":{"rendered":"<p>El gobernador de la provincia de Buenos Aires, por videoconferencia, tambi\u00e9n fue parte del acto por el D\u00eda de la Construcci\u00f3n.<\/p>\n<p><!--more--><\/p>\n<hr \/>\n<p>\u201cEs una pena no haber podido estar hoy all\u00ed\u201d, se lament\u00f3 el gobernador de la provincia al dar inicio su intervenci\u00f3n en el acto oficial por el D\u00eda de la Construcci\u00f3n, que tuvo como escenario principal la sede de L\u00b4Amal\u00ed de Loma Negra. \u201cLas condiciones clim\u00e1ticas nos privaron de ir\u201d, explic\u00f3 y <strong>se apen\u00f3 no s\u00f3lo por no haber podido concurrir al evento organizado desde la C\u00e1mara de la Construcci\u00f3n, sino por no estar en \u201cla antesala de ma\u00f1ana, cuando va a cumplir un nuevo aniversario Olavarr\u00eda de su fundaci\u00f3n\u201d.<\/strong><\/p>\n<p>&nbsp;<\/p>\n<p>Tambi\u00e9n le dedic\u00f3 sus palabras de elogio y agradecimiento a Loma Negra, celebrando las obras de ampliaci\u00f3n, con el acento que el incremento en la capacidad productiva lejos estar\u00e1 de la limitarse a la firma, sino que incluye a toda la provincia, subray\u00f3.<strong> \u201cUn momento bisagra\u201d<\/strong>, enfatiz\u00f3 en varios partes de su discurso. \u201cLa pandemia puso al mundo patas paras arriba, interrumpi\u00f3 todo tipo de proyectos, a la obra p\u00fablica la afect\u00f3 de todas las maneras posibles\u201d, narr\u00f3 pero segundos despu\u00e9s resalt\u00f3 <strong>\u201cla inmensa capacidad de recuperaci\u00f3n que tiene la construcci\u00f3n\u201d<\/strong>.<\/p>\n<p>&nbsp;<\/p>\n<p><img data-recalc-dims=\"1\" loading=\"lazy\" decoding=\"async\" class=\"alignnone size-full wp-image-7278\" src=\"https:\/\/i0.wp.com\/cdnoticias.com\/wp-content\/uploads\/2020\/11\/acto03.jpg?resize=800%2C456&#038;ssl=1\" alt=\"\" width=\"800\" height=\"456\" srcset=\"https:\/\/i0.wp.com\/cdnoticias.com\/wp-content\/uploads\/2020\/11\/acto03.jpg?w=927&amp;ssl=1 927w, https:\/\/i0.wp.com\/cdnoticias.com\/wp-content\/uploads\/2020\/11\/acto03.jpg?resize=300%2C171&amp;ssl=1 300w, https:\/\/i0.wp.com\/cdnoticias.com\/wp-content\/uploads\/2020\/11\/acto03.jpg?resize=768%2C437&amp;ssl=1 768w\" sizes=\"auto, (max-width: 800px) 100vw, 800px\" \/><\/p>\n<p>&nbsp;<\/p>\n<p>\u201cSabemos que la construcci\u00f3n es una actividad muy especial\u201d, continu\u00f3 y a\u00f1adi\u00f3 que \u201ctiene un papel central en la reactivaci\u00f3n de toda la actividad econ\u00f3mica\u201d. <strong>\u201cLa construcci\u00f3n reactiva la econom\u00eda, esto est\u00e1 probado en los momentos m\u00e1s dram\u00e1ticos de la historia nacional y mundial\u201d<\/strong>, complet\u00f3.<\/p>\n<p>&nbsp;<\/p>\n<p>\u201cHoy lo estamos viendo en la Argentina, la obra p\u00fablica prefigura una reactivaci\u00f3n econ\u00f3mica m\u00e1s general. Por un lado, cuando se pone en marcha la construcci\u00f3n empuja a todas las otras industrias, pero por otro lado el papel fundamental de dar trabajo, al dar trabajo se reactiva adem\u00e1s el consumo\u201d,\u00a0 se\u00f1al\u00f3.<strong> \u201cEs un guinche para llevar para arriba toda la econom\u00eda\u201d<\/strong>, concluy\u00f3.<\/p>\n<p>&nbsp;<\/p>\n<p><img data-recalc-dims=\"1\" loading=\"lazy\" decoding=\"async\" class=\"alignnone size-full wp-image-7282\" src=\"https:\/\/i0.wp.com\/cdnoticias.com\/wp-content\/uploads\/2020\/11\/acto06.jpg?resize=800%2C420&#038;ssl=1\" alt=\"\" width=\"800\" height=\"420\" srcset=\"https:\/\/i0.wp.com\/cdnoticias.com\/wp-content\/uploads\/2020\/11\/acto06.jpg?w=954&amp;ssl=1 954w, https:\/\/i0.wp.com\/cdnoticias.com\/wp-content\/uploads\/2020\/11\/acto06.jpg?resize=300%2C158&amp;ssl=1 300w, https:\/\/i0.wp.com\/cdnoticias.com\/wp-content\/uploads\/2020\/11\/acto06.jpg?resize=768%2C403&amp;ssl=1 768w, https:\/\/i0.wp.com\/cdnoticias.com\/wp-content\/uploads\/2020\/11\/acto06.jpg?resize=390%2C205&amp;ssl=1 390w\" sizes=\"auto, (max-width: 800px) 100vw, 800px\" \/><\/p>\n<p>&nbsp;<\/p>\n<p>El acento de su intervenci\u00f3n tambi\u00e9n estuvo dado en la importancia de la acci\u00f3n conjunta y concertada entre la obra p\u00fablica y privada \u201cpara poner en marcha el proceso de recuperaci\u00f3n econ\u00f3mico y social\u201d. <strong>\u201cEst\u00e1 puesto el ojo y esta puesta tambi\u00e9n la esperanza de lo que ser\u00eda la pos pandemia en el \u00e1rea de la construcci\u00f3n\u201d<\/strong>, agreg\u00f3.<\/p>\n<p>&nbsp;<\/p>\n<p><strong>\u201cEstamos haciendo todo lo que hay que hacer para que a trav\u00e9s de la obra p\u00fablica darle una se\u00f1al a la obra privada. Es un d\u00eda muy especial, un momento muy especial, con la obra p\u00fablica, con la obra privada, con la construcci\u00f3n, vamos a sacar adelante un pa\u00eds muy golpeado pero que ya est\u00e1 en su fase de reconstrucci\u00f3n\u201d<\/strong>, finaliz\u00f3.<\/p>\n<p>&nbsp;<\/p>\n<p><strong><em>\u201cLa pandemia nos puso a prueba y hemos estado a la altura de las circunstancias\u201d<\/em><\/strong><\/p>\n<p>&nbsp;<\/p>\n<p>El primero en tomar la palabra fue el presidente de la C\u00e1mara de la Construcci\u00f3n, Iv\u00e1n Szczech quien resalt\u00f3 la importancia de este d\u00eda. Resalt\u00f3 las caracter\u00edsticas de la actividad que \u201cbrinda oportunidades de desarrollo y mayor igualdad\u201d. Adem\u00e1s, indic\u00f3 que este 2020 fue un a\u00f1o \u201cparticularmente dif\u00edcil por la pandemia\u201d ya que \u201c<strong>ven\u00edamos de dos a\u00f1os de ca\u00edda de la obra p\u00fablica\u201d.<\/strong><\/p>\n<p>&nbsp;<\/p>\n<p><img data-recalc-dims=\"1\" loading=\"lazy\" decoding=\"async\" class=\"alignnone size-large wp-image-7273\" src=\"https:\/\/i0.wp.com\/cdnoticias.com\/wp-content\/uploads\/2020\/11\/construccion05.jpg?resize=800%2C491&#038;ssl=1\" alt=\"\" width=\"800\" height=\"491\" srcset=\"https:\/\/i0.wp.com\/cdnoticias.com\/wp-content\/uploads\/2020\/11\/construccion05.jpg?resize=1024%2C628&amp;ssl=1 1024w, https:\/\/i0.wp.com\/cdnoticias.com\/wp-content\/uploads\/2020\/11\/construccion05.jpg?resize=300%2C184&amp;ssl=1 300w, https:\/\/i0.wp.com\/cdnoticias.com\/wp-content\/uploads\/2020\/11\/construccion05.jpg?resize=768%2C471&amp;ssl=1 768w, https:\/\/i0.wp.com\/cdnoticias.com\/wp-content\/uploads\/2020\/11\/construccion05.jpg?w=1214&amp;ssl=1 1214w\" sizes=\"auto, (max-width: 800px) 100vw, 800px\" \/><\/p>\n<p>&nbsp;<\/p>\n<p><strong>Szczech valor\u00f3 los ATP que \u201cayud\u00f3 al 63% de nuestras empresas a sostener nuestra actividad\u201d<\/strong> y sum\u00f3 las expectativas en relaci\u00f3n a la obra p\u00fablica en 2021. Resalt\u00f3, adem\u00e1s, el Programa Procrear y el trabajo de los funcionarios del \u00e1rea y se\u00f1al\u00f3 la importancia de la otorgaci\u00f3n de cr\u00e9ditos hipotecarios para que \u201cla mayor\u00eda de los argentinos puedan acceder a una vivienda\u201d.<\/p>\n<p>&nbsp;<\/p>\n<p>Dedic\u00f3 un p\u00e1rrafo aparte a la \u201ctransparencia, tan necesaria en la gesti\u00f3n de los recursos p\u00fablicos\u201d y asegur\u00f3 que \u201cla econom\u00eda viene cayendo hace tres a\u00f1os, la pandemia nos puso a prueba y hemos estado a la altura de las circunstancias\u201d. De esta forma, solicit\u00f3 entre otras cosas \u201c<strong>seguir fortaleciendo el di\u00e1logo, trabajar sobre los incentivos que la construcci\u00f3n necesita, disminuir la presi\u00f3n sobre quienes tributan y que el federalismo triunfe en la Argentina\u201d<\/strong>.<\/p>\n","protected":false},"excerpt":{"rendered":"<p>El gobernador de la provincia de Buenos Aires, por videoconferencia, tambi\u00e9n fue parte del acto por el D\u00eda de la<\/p>\n","protected":false},"author":3,"featured_media":7279,"comment_status":"closed","ping_status":"closed","sticky":false,"template":"","format":"standard","meta":{"_jetpack_memberships_contains_paid_content":false,"footnotes":""},"categories":[5,1],"tags":[],"class_list":["post-7287","post","type-post","status-publish","format-standard","has-post-thumbnail","hentry","category-informacion-general","category-portada"],"jetpack_featured_media_url":"https:\/\/i0.wp.com\/cdnoticias.com\/wp-content\/uploads\/2020\/11\/acto04.jpg?fit=941%2C515&ssl=1","jetpack_sharing_enabled":true,"_links":{"self":[{"href":"https:\/\/cdnoticias.com\/index.php\/wp-json\/wp\/v2\/posts\/7287","targetHints":{"allow":["GET"]}}],"collection":[{"href":"https:\/\/cdnoticias.com\/index.php\/wp-json\/wp\/v2\/posts"}],"about":[{"href":"https:\/\/cdnoticias.com\/index.php\/wp-json\/wp\/v2\/types\/post"}],"author":[{"embeddable":true,"href":"https:\/\/cdnoticias.com\/index.php\/wp-json\/wp\/v2\/users\/3"}],"replies":[{"embeddable":true,"href":"https:\/\/cdnoticias.com\/index.php\/wp-json\/wp\/v2\/comments?post=7287"}],"version-history":[{"count":0,"href":"https:\/\/cdnoticias.com\/index.php\/wp-json\/wp\/v2\/posts\/7287\/revisions"}],"wp:featuredmedia":[{"embeddable":true,"href":"https:\/\/cdnoticias.com\/index.php\/wp-json\/wp\/v2\/media\/7279"}],"wp:attachment":[{"href":"https:\/\/cdnoticias.com\/index.php\/wp-json\/wp\/v2\/media?parent=7287"}],"wp:term":[{"taxonomy":"category","embeddable":true,"href":"https:\/\/cdnoticias.com\/index.php\/wp-json\/wp\/v2\/categories?post=7287"},{"taxonomy":"post_tag","embeddable":true,"href":"https:\/\/cdnoticias.com\/index.php\/wp-json\/wp\/v2\/tags?post=7287"}],"curies":[{"name":"wp","href":"https:\/\/api.w.org\/{rel}","templated":true}]}}